{"id":366,"date":"2017-05-05T17:41:58","date_gmt":"2017-05-05T15:41:58","guid":{"rendered":"http:\/\/www.grundeinkommen-ist-waehlbar.de\/2017\/?p=366"},"modified":"2017-05-05T17:41:58","modified_gmt":"2017-05-05T15:41:58","slug":"hans-joerg-rohwedder","status":"publish","type":"post","link":"https:\/\/www.grundeinkommen-ist-waehlbar.de\/2017-nrw\/hans-joerg-rohwedder\/","title":{"rendered":"Hanns-J\u00f6rg Rohwedder"},"content":{"rendered":"<figure id=\"attachment_367\" aria-describedby=\"caption-attachment-367\" style=\"width: 150px\" class=\"wp-caption alignnone\"><img loading=\"lazy\" decoding=\"async\" class=\"wp-image-367\" src=\"http:\/\/www.grundeinkommen-ist-waehlbar.de\/nrw2017\/wp-content\/uploads\/sites\/2\/2017\/05\/20121108HJRTobiasEckrichKl-300x200.jpg\" alt=\"\" width=\"150\" height=\"100\" srcset=\"https:\/\/www.grundeinkommen-ist-waehlbar.de\/2017-nrw\/wp-content\/uploads\/sites\/2\/2017\/05\/20121108HJRTobiasEckrichKl-300x200.jpg 300w, https:\/\/www.grundeinkommen-ist-waehlbar.de\/2017-nrw\/wp-content\/uploads\/sites\/2\/2017\/05\/20121108HJRTobiasEckrichKl-768x511.jpg 768w, https:\/\/www.grundeinkommen-ist-waehlbar.de\/2017-nrw\/wp-content\/uploads\/sites\/2\/2017\/05\/20121108HJRTobiasEckrichKl.jpg 1000w\" sizes=\"auto, (max-width: 150px) 100vw, 150px\" \/><figcaption id=\"caption-attachment-367\" class=\"wp-caption-text\">MdL von Nordrhein Westfahlen f\u00fcr die Fraktion der Piratenpartei.<\/figcaption><\/figure>\n<p>Pers\u00f6nliches Statement<\/p>\n<p>Ein BGE muss mindestens die Anforderungen des Bundesverfassungsgerichtes zum sozio-kulturellen Existenzminimum erf\u00fcllen. Dann verschafft es den Menschen die M\u00f6glichkeit zu einem Leben in Freiheit statt Angst. Es erm\u00f6glicht ihnen, sich auch ohne abh\u00e4ngige Lohnarbeit frei zu entfalten und gesellschaftlich n\u00fctzlich aktiv zu sein. Das BGE ist die Antwort auf die gesellschaftlichen Ver\u00e4nderungen durch die digitale Revolution.<\/p>\n<p>Zur Person<\/p>\n<p>59 Jahre alt, Fachinformatiker f\u00fcr Systemintegration. Seit 2012 im Landtag NRW f\u00fcr die Piratenpartei.<\/p>\n<p><a href=\"http:\/\/wiki.piratenpartei.de\/Benutzer:Danebod\" target=\"_blank\" rel=\"noopener noreferrer\">Piratenwiki<\/a><\/p>\n","protected":false},"excerpt":{"rendered":"<p>Pers\u00f6nliches Statement Ein BGE muss mindestens die Anforderungen des Bundesverfassungsgerichtes zum sozio-kulturellen Existenzminimum erf\u00fcllen. Dann verschafft es den Menschen die M\u00f6glichkeit zu einem Leben in Freiheit statt Angst. Es erm\u00f6glicht ihnen, sich auch ohne abh\u00e4ngige Lohnarbeit frei zu entfalten und gesellschaftlich n\u00fctzlich aktiv zu sein. Das BGE ist die Antwort auf die gesellschaftlichen Ver\u00e4nderungen durch &hellip; <\/p>\n<p class=\"link-more\"><a href=\"https:\/\/www.grundeinkommen-ist-waehlbar.de\/2017-nrw\/hans-joerg-rohwedder\/\" class=\"more-link\"><span class=\"screen-reader-text\">\u201eHanns-J\u00f6rg Rohwedder\u201c <\/span>weiterlesen<\/a><\/p>\n","protected":false},"author":5,"featured_media":0,"comment_status":"closed","ping_status":"open","sticky":false,"template":"","format":"standard","meta":{"footnotes":""},"categories":[4,130],"tags":[],"class_list":["post-366","post","type-post","status-publish","format-standard","hentry","category-piratenpartei","category-wahlkreis-115-unna-i"],"_links":{"self":[{"href":"https:\/\/www.grundeinkommen-ist-waehlbar.de\/2017-nrw\/wp-json\/wp\/v2\/posts\/366","targetHints":{"allow":["GET"]}}],"collection":[{"href":"https:\/\/www.grundeinkommen-ist-waehlbar.de\/2017-nrw\/wp-json\/wp\/v2\/posts"}],"about":[{"href":"https:\/\/www.grundeinkommen-ist-waehlbar.de\/2017-nrw\/wp-json\/wp\/v2\/types\/post"}],"author":[{"embeddable":true,"href":"https:\/\/www.grundeinkommen-ist-waehlbar.de\/2017-nrw\/wp-json\/wp\/v2\/users\/5"}],"replies":[{"embeddable":true,"href":"https:\/\/www.grundeinkommen-ist-waehlbar.de\/2017-nrw\/wp-json\/wp\/v2\/comments?post=366"}],"version-history":[{"count":0,"href":"https:\/\/www.grundeinkommen-ist-waehlbar.de\/2017-nrw\/wp-json\/wp\/v2\/posts\/366\/revisions"}],"wp:attachment":[{"href":"https:\/\/www.grundeinkommen-ist-waehlbar.de\/2017-nrw\/wp-json\/wp\/v2\/media?parent=366"}],"wp:term":[{"taxonomy":"category","embeddable":true,"href":"https:\/\/www.grundeinkommen-ist-waehlbar.de\/2017-nrw\/wp-json\/wp\/v2\/categories?post=366"},{"taxonomy":"post_tag","embeddable":true,"href":"https:\/\/www.grundeinkommen-ist-waehlbar.de\/2017-nrw\/wp-json\/wp\/v2\/tags?post=366"}],"curies":[{"name":"wp","href":"https:\/\/api.w.org\/{rel}","templated":true}]}}