{"id":411,"date":"2017-05-06T16:30:48","date_gmt":"2017-05-06T14:30:48","guid":{"rendered":"http:\/\/www.grundeinkommen-ist-waehlbar.de\/2017\/?p=411"},"modified":"2017-05-06T16:30:48","modified_gmt":"2017-05-06T14:30:48","slug":"britta-soentgerath","status":"publish","type":"post","link":"https:\/\/www.grundeinkommen-ist-waehlbar.de\/2017-nrw\/britta-soentgerath\/","title":{"rendered":"Britta S\u00f6ntgerath"},"content":{"rendered":"<p><img loading=\"lazy\" decoding=\"async\" class=\"alignnone wp-image-412\" src=\"http:\/\/www.grundeinkommen-ist-waehlbar.de\/nrw2017\/wp-content\/uploads\/sites\/2\/2017\/05\/britta_soentgerath.png\" alt=\"\" width=\"150\" height=\"200\" \/><\/p>\n<p>Pers\u00f6nliches Statement:<\/p>\n<p>Das Grundeinkommen ist die L\u00f6sung, um Arbeit smartgerecht zu verteilen. Unser Fortschritt sorgt in vielen Bereichen f\u00fcr weniger Arbeitspl\u00e4tze. Gleichzeitig k\u00f6nnen in ganz anderen Feldern Arbeitspl\u00e4tze entstehen. Um diese zu f\u00f6rdern, Ideen zu entwickeln brauchen Menschen Zeit und ein Einkommen, um zu \u00fcberleben. Deutschland ist ein hochentwickeltes Land, viele Dinge in unserem Leben sind zwingend erforderlich geworden wie zum Beispiel ein Konto, ein Telefonanschluss, die M\u00f6glichkeit, per Auto oder \u00d6PNV sich zu bewegen. Das muss sich jeder Mensch leisten k\u00f6nnen d\u00fcrfen, ohne sanktzioniert zu werden und es sollte jeder B\u00fcrger ein Recht auf ein Grundeinkommen haben, auch wenn er garnicht eine klassische Arbeitsst\u00e4tte anstrebt, sondern einfach nur ein Buch schreiben, Technisches entwickeln oder sich um Senioren oder Kinder k\u00fcmmern m\u00f6chte. Das System: nur wer einen Arbeitsplatz hat, z\u00e4hlt zur Gesellschaft, ist v\u00f6llig veraltet &#8211; wir m\u00fcssen smartgerecht weg davon!<\/p>\n<p>Zur Person:<\/p>\n<p>Im Rat der Stadt Duisburg f\u00fcr die Piraten<br \/>\nStellvertretende Fraktionsvorsitzende (<a href=\"http:\/\/www.psl-duisburg.de\">www.psl-duisburg.de<\/a>)<br \/>\nSachkundige B\u00fcrgerin im Kultur- &amp; Sportausschuss f\u00fcr die RVR-Piraten (<a href=\"http:\/\/www.rvr-piraten.de\">www.rvr-piraten.de<\/a>)<\/p>\n<p>Einkaufs- und Beschaffungs\u00f6konomin<br \/>\nVerheiratet, eine erwachsene Tochter<br \/>\nMitgliedschaften: CCC \/ Immersatt e.V. \/ ARIC-NRW e.V. \/ Duisburger Stiftung f\u00fcr Umwelt, Gesundheit und Soziales \/ Fl\u00fcchtlingsrat<\/p>\n<p>Webseite:<\/p>\n<p><a href=\"http:\/\/kandidatencheck.wdr.de\/kandidatencheck\/video\/683920\">http:\/\/kandidatencheck.wdr.de\/kandidatencheck\/video\/683920<\/a><\/p>\n","protected":false},"excerpt":{"rendered":"<p>Pers\u00f6nliches Statement: Das Grundeinkommen ist die L\u00f6sung, um Arbeit smartgerecht zu verteilen. Unser Fortschritt sorgt in vielen Bereichen f\u00fcr weniger Arbeitspl\u00e4tze. Gleichzeitig k\u00f6nnen in ganz anderen Feldern Arbeitspl\u00e4tze entstehen. Um diese zu f\u00f6rdern, Ideen zu entwickeln brauchen Menschen Zeit und ein Einkommen, um zu \u00fcberleben. Deutschland ist ein hochentwickeltes Land, viele Dinge in unserem Leben &hellip; <\/p>\n<p class=\"link-more\"><a href=\"https:\/\/www.grundeinkommen-ist-waehlbar.de\/2017-nrw\/britta-soentgerath\/\" class=\"more-link\"><span class=\"screen-reader-text\">\u201eBritta S\u00f6ntgerath\u201c <\/span>weiterlesen<\/a><\/p>\n","protected":false},"author":5,"featured_media":0,"comment_status":"closed","ping_status":"open","sticky":false,"template":"","format":"standard","meta":{"footnotes":""},"categories":[4,75],"tags":[],"class_list":["post-411","post","type-post","status-publish","format-standard","hentry","category-piratenpartei","category-wahlkreis-060-duisburg-i"],"_links":{"self":[{"href":"https:\/\/www.grundeinkommen-ist-waehlbar.de\/2017-nrw\/wp-json\/wp\/v2\/posts\/411","targetHints":{"allow":["GET"]}}],"collection":[{"href":"https:\/\/www.grundeinkommen-ist-waehlbar.de\/2017-nrw\/wp-json\/wp\/v2\/posts"}],"about":[{"href":"https:\/\/www.grundeinkommen-ist-waehlbar.de\/2017-nrw\/wp-json\/wp\/v2\/types\/post"}],"author":[{"embeddable":true,"href":"https:\/\/www.grundeinkommen-ist-waehlbar.de\/2017-nrw\/wp-json\/wp\/v2\/users\/5"}],"replies":[{"embeddable":true,"href":"https:\/\/www.grundeinkommen-ist-waehlbar.de\/2017-nrw\/wp-json\/wp\/v2\/comments?post=411"}],"version-history":[{"count":0,"href":"https:\/\/www.grundeinkommen-ist-waehlbar.de\/2017-nrw\/wp-json\/wp\/v2\/posts\/411\/revisions"}],"wp:attachment":[{"href":"https:\/\/www.grundeinkommen-ist-waehlbar.de\/2017-nrw\/wp-json\/wp\/v2\/media?parent=411"}],"wp:term":[{"taxonomy":"category","embeddable":true,"href":"https:\/\/www.grundeinkommen-ist-waehlbar.de\/2017-nrw\/wp-json\/wp\/v2\/categories?post=411"},{"taxonomy":"post_tag","embeddable":true,"href":"https:\/\/www.grundeinkommen-ist-waehlbar.de\/2017-nrw\/wp-json\/wp\/v2\/tags?post=411"}],"curies":[{"name":"wp","href":"https:\/\/api.w.org\/{rel}","templated":true}]}}