{"id":432,"date":"2017-05-06T19:13:35","date_gmt":"2017-05-06T17:13:35","guid":{"rendered":"http:\/\/www.grundeinkommen-ist-waehlbar.de\/2017\/?p=432"},"modified":"2017-05-06T19:13:35","modified_gmt":"2017-05-06T17:13:35","slug":"david-grade","status":"publish","type":"post","link":"https:\/\/www.grundeinkommen-ist-waehlbar.de\/2017-nrw\/david-grade\/","title":{"rendered":"David Grade"},"content":{"rendered":"<figure id=\"attachment_433\" aria-describedby=\"caption-attachment-433\" style=\"width: 150px\" class=\"wp-caption alignnone\"><img loading=\"lazy\" decoding=\"async\" class=\"wp-image-433\" src=\"http:\/\/www.grundeinkommen-ist-waehlbar.de\/nrw2017\/wp-content\/uploads\/sites\/2\/2017\/05\/Grade_David_0001-300x204.jpg\" alt=\"\" width=\"150\" height=\"102\" srcset=\"https:\/\/www.grundeinkommen-ist-waehlbar.de\/2017-nrw\/wp-content\/uploads\/sites\/2\/2017\/05\/Grade_David_0001-300x204.jpg 300w, https:\/\/www.grundeinkommen-ist-waehlbar.de\/2017-nrw\/wp-content\/uploads\/sites\/2\/2017\/05\/Grade_David_0001-768x522.jpg 768w, https:\/\/www.grundeinkommen-ist-waehlbar.de\/2017-nrw\/wp-content\/uploads\/sites\/2\/2017\/05\/Grade_David_0001-1024x696.jpg 1024w\" sizes=\"auto, (max-width: 150px) 100vw, 150px\" \/><figcaption id=\"caption-attachment-433\" class=\"wp-caption-text\">Grade, David, Piraten, Bezirksvertretung Innenstadt-Nord<\/figcaption><\/figure>\n<p>Pers\u00f6nliches Statement:<\/p>\n<p>Ich k\u00e4mpfe f\u00fcr die Einf\u00fchrung eines bedingungslosen Grundeinkommens, weil&#8230;<br \/>\n&#8230;jeder Mensch, einfach weil er da ist, wertvoll ist und frei leben k\u00f6nnen muss.<br \/>\n&#8230;ich m\u00f6chte, dass Menschen sich auf sicherem Grund frei entfalten k\u00f6nnen.<br \/>\n&#8230;es die beste gesellschaftliche Antwort auf die digitale Revolution ist.<br \/>\n&#8230;es Menschen freier und unabh\u00e4ngiger macht.<br \/>\n&#8230;so gesellschaftlich anerkannt wird, dass es wichtige T\u00e4tigkeiten jenseits von Erwerbsarbeit gibt.<\/p>\n<p>Zur Person:<\/p>\n<p>Alter: 36 Jahre<br \/>\nWohnort: Dortmund<br \/>\nBeruf: Erziehungswissenschaftler<\/p>\n<p><a href=\"http:\/\/www.piratenpartei-dortmund.de\">www.piratenpartei-dortmund.de<\/a><br \/>\n<a href=\"http:\/\/twitter.com\/gradewegs\">facebook.com\/david.grade.54<br \/>\ntwitter.com\/gradewegs<\/a><\/p>\n<p>Darum bin ich bei den Piraten:<br \/>\nWeil wir Piraten die einzigen sind, die smarte L\u00f6sungen f\u00fcr die Herausforderungen der digitalen Revolution entwickeln. Weil wir mit Mut Gerechtigkeit schaffen und uns gegen Angst und Spaltung stellen.<\/p>\n<p>Das will ich erreichen:<br \/>\nMein Ziel ist es, die digitale Revolution zum Wohle aller zu nutzen. Ich arbeite f\u00fcr eine offenere Gesellschaft, die auf bedingungsloser Grundlage ein Maximum an individueller Freiheit und Teilhabe f\u00fcr jeden erm\u00f6glicht.<\/p>\n","protected":false},"excerpt":{"rendered":"<p>Pers\u00f6nliches Statement: Ich k\u00e4mpfe f\u00fcr die Einf\u00fchrung eines bedingungslosen Grundeinkommens, weil&#8230; &#8230;jeder Mensch, einfach weil er da ist, wertvoll ist und frei leben k\u00f6nnen muss. &#8230;ich m\u00f6chte, dass Menschen sich auf sicherem Grund frei entfalten k\u00f6nnen. &#8230;es die beste gesellschaftliche Antwort auf die digitale Revolution ist. &#8230;es Menschen freier und unabh\u00e4ngiger macht. &#8230;so gesellschaftlich anerkannt &hellip; <\/p>\n<p class=\"link-more\"><a href=\"https:\/\/www.grundeinkommen-ist-waehlbar.de\/2017-nrw\/david-grade\/\" class=\"more-link\"><span class=\"screen-reader-text\">\u201eDavid Grade\u201c <\/span>weiterlesen<\/a><\/p>\n","protected":false},"author":5,"featured_media":0,"comment_status":"closed","ping_status":"open","sticky":false,"template":"","format":"standard","meta":{"footnotes":""},"categories":[4,127],"tags":[],"class_list":["post-432","post","type-post","status-publish","format-standard","hentry","category-piratenpartei","category-wahlkreis-112-dortmund-ii"],"_links":{"self":[{"href":"https:\/\/www.grundeinkommen-ist-waehlbar.de\/2017-nrw\/wp-json\/wp\/v2\/posts\/432","targetHints":{"allow":["GET"]}}],"collection":[{"href":"https:\/\/www.grundeinkommen-ist-waehlbar.de\/2017-nrw\/wp-json\/wp\/v2\/posts"}],"about":[{"href":"https:\/\/www.grundeinkommen-ist-waehlbar.de\/2017-nrw\/wp-json\/wp\/v2\/types\/post"}],"author":[{"embeddable":true,"href":"https:\/\/www.grundeinkommen-ist-waehlbar.de\/2017-nrw\/wp-json\/wp\/v2\/users\/5"}],"replies":[{"embeddable":true,"href":"https:\/\/www.grundeinkommen-ist-waehlbar.de\/2017-nrw\/wp-json\/wp\/v2\/comments?post=432"}],"version-history":[{"count":0,"href":"https:\/\/www.grundeinkommen-ist-waehlbar.de\/2017-nrw\/wp-json\/wp\/v2\/posts\/432\/revisions"}],"wp:attachment":[{"href":"https:\/\/www.grundeinkommen-ist-waehlbar.de\/2017-nrw\/wp-json\/wp\/v2\/media?parent=432"}],"wp:term":[{"taxonomy":"category","embeddable":true,"href":"https:\/\/www.grundeinkommen-ist-waehlbar.de\/2017-nrw\/wp-json\/wp\/v2\/categories?post=432"},{"taxonomy":"post_tag","embeddable":true,"href":"https:\/\/www.grundeinkommen-ist-waehlbar.de\/2017-nrw\/wp-json\/wp\/v2\/tags?post=432"}],"curies":[{"name":"wp","href":"https:\/\/api.w.org\/{rel}","templated":true}]}}