{"id":435,"date":"2017-05-06T19:20:37","date_gmt":"2017-05-06T17:20:37","guid":{"rendered":"http:\/\/www.grundeinkommen-ist-waehlbar.de\/2017\/?p=435"},"modified":"2017-05-06T19:20:37","modified_gmt":"2017-05-06T17:20:37","slug":"marc-elsbeck","status":"publish","type":"post","link":"https:\/\/www.grundeinkommen-ist-waehlbar.de\/2017-nrw\/marc-elsbeck\/","title":{"rendered":"Marc Elsbeck"},"content":{"rendered":"<p><img loading=\"lazy\" decoding=\"async\" class=\"alignnone wp-image-437\" src=\"http:\/\/www.grundeinkommen-ist-waehlbar.de\/nrw2017\/wp-content\/uploads\/sites\/2\/2017\/05\/Marc-Elsbeck-300x300.jpg\" alt=\"\" width=\"150\" height=\"150\" srcset=\"https:\/\/www.grundeinkommen-ist-waehlbar.de\/2017-nrw\/wp-content\/uploads\/sites\/2\/2017\/05\/Marc-Elsbeck-300x300.jpg 300w, https:\/\/www.grundeinkommen-ist-waehlbar.de\/2017-nrw\/wp-content\/uploads\/sites\/2\/2017\/05\/Marc-Elsbeck-150x150.jpg 150w, https:\/\/www.grundeinkommen-ist-waehlbar.de\/2017-nrw\/wp-content\/uploads\/sites\/2\/2017\/05\/Marc-Elsbeck-768x768.jpg 768w, https:\/\/www.grundeinkommen-ist-waehlbar.de\/2017-nrw\/wp-content\/uploads\/sites\/2\/2017\/05\/Marc-Elsbeck-100x100.jpg 100w, https:\/\/www.grundeinkommen-ist-waehlbar.de\/2017-nrw\/wp-content\/uploads\/sites\/2\/2017\/05\/Marc-Elsbeck.jpg 800w\" sizes=\"auto, (max-width: 150px) 100vw, 150px\" \/><\/p>\n<p>Pers\u00f6nliches Statement:<\/p>\n<p>Die Chancen der Digitalisierung machen ein Grundeinkommen in Zukunft unverzichtbar. Sozial ist, was uns von abh\u00e4ngiger Erwerbsarbeit befreit. Wir brauchen jetzt die politischen und gesellschaftlichen Diskussionen dazu.<\/p>\n<p>Zur Person:<\/p>\n<p>Mein Name ist Marc Elsbeck. Ich bin Pirat. Ich wohne in L\u00fcnen und bin f\u00fcr die W\u00e4hler in L\u00fcnen, Selm und Werne die beste Wahl, die sie am 14. Mai 2017 mit einem Kreuz versehen k\u00f6nnen. Kinder habe ich selbst keine, aber meine Neffen besuchen das st\u00e4dtische Gymnasium Bergkamen und auch meine noch nicht zweij\u00e4hrige Nichte sensibilisiert mich f\u00fcr Fragen der Familie.<\/p>\n<p>Meine Webseite:<\/p>\n<p><a href=\"https:\/\/smartgerecht.nrw\/elsbeck\">https:\/\/smartgerecht.nrw\/elsbeck<\/a><\/p>\n","protected":false},"excerpt":{"rendered":"<p>Pers\u00f6nliches Statement: Die Chancen der Digitalisierung machen ein Grundeinkommen in Zukunft unverzichtbar. Sozial ist, was uns von abh\u00e4ngiger Erwerbsarbeit befreit. Wir brauchen jetzt die politischen und gesellschaftlichen Diskussionen dazu. Zur Person: Mein Name ist Marc Elsbeck. Ich bin Pirat. Ich wohne in L\u00fcnen und bin f\u00fcr die W\u00e4hler in L\u00fcnen, Selm und Werne die beste &hellip; <\/p>\n<p class=\"link-more\"><a href=\"https:\/\/www.grundeinkommen-ist-waehlbar.de\/2017-nrw\/marc-elsbeck\/\" class=\"more-link\"><span class=\"screen-reader-text\">\u201eMarc Elsbeck\u201c <\/span>weiterlesen<\/a><\/p>\n","protected":false},"author":5,"featured_media":0,"comment_status":"closed","ping_status":"open","sticky":false,"template":"","format":"standard","meta":{"footnotes":""},"categories":[4,131],"tags":[],"class_list":["post-435","post","type-post","status-publish","format-standard","hentry","category-piratenpartei","category-wahlkreis-116-unna-ii"],"_links":{"self":[{"href":"https:\/\/www.grundeinkommen-ist-waehlbar.de\/2017-nrw\/wp-json\/wp\/v2\/posts\/435","targetHints":{"allow":["GET"]}}],"collection":[{"href":"https:\/\/www.grundeinkommen-ist-waehlbar.de\/2017-nrw\/wp-json\/wp\/v2\/posts"}],"about":[{"href":"https:\/\/www.grundeinkommen-ist-waehlbar.de\/2017-nrw\/wp-json\/wp\/v2\/types\/post"}],"author":[{"embeddable":true,"href":"https:\/\/www.grundeinkommen-ist-waehlbar.de\/2017-nrw\/wp-json\/wp\/v2\/users\/5"}],"replies":[{"embeddable":true,"href":"https:\/\/www.grundeinkommen-ist-waehlbar.de\/2017-nrw\/wp-json\/wp\/v2\/comments?post=435"}],"version-history":[{"count":0,"href":"https:\/\/www.grundeinkommen-ist-waehlbar.de\/2017-nrw\/wp-json\/wp\/v2\/posts\/435\/revisions"}],"wp:attachment":[{"href":"https:\/\/www.grundeinkommen-ist-waehlbar.de\/2017-nrw\/wp-json\/wp\/v2\/media?parent=435"}],"wp:term":[{"taxonomy":"category","embeddable":true,"href":"https:\/\/www.grundeinkommen-ist-waehlbar.de\/2017-nrw\/wp-json\/wp\/v2\/categories?post=435"},{"taxonomy":"post_tag","embeddable":true,"href":"https:\/\/www.grundeinkommen-ist-waehlbar.de\/2017-nrw\/wp-json\/wp\/v2\/tags?post=435"}],"curies":[{"name":"wp","href":"https:\/\/api.w.org\/{rel}","templated":true}]}}