{"id":440,"date":"2017-05-06T19:29:14","date_gmt":"2017-05-06T17:29:14","guid":{"rendered":"http:\/\/www.grundeinkommen-ist-waehlbar.de\/2017\/?p=440"},"modified":"2017-05-06T19:29:14","modified_gmt":"2017-05-06T17:29:14","slug":"patrick-schiffer","status":"publish","type":"post","link":"https:\/\/www.grundeinkommen-ist-waehlbar.de\/2017-nrw\/patrick-schiffer\/","title":{"rendered":"Patrick Schiffer"},"content":{"rendered":"<p><img loading=\"lazy\" decoding=\"async\" class=\"alignnone wp-image-443\" src=\"http:\/\/www.grundeinkommen-ist-waehlbar.de\/nrw2017\/wp-content\/uploads\/sites\/2\/2017\/05\/Patrick-Schiffer-300x300.jpg\" alt=\"\" width=\"150\" height=\"150\" srcset=\"https:\/\/www.grundeinkommen-ist-waehlbar.de\/2017-nrw\/wp-content\/uploads\/sites\/2\/2017\/05\/Patrick-Schiffer-300x300.jpg 300w, https:\/\/www.grundeinkommen-ist-waehlbar.de\/2017-nrw\/wp-content\/uploads\/sites\/2\/2017\/05\/Patrick-Schiffer-150x150.jpg 150w, https:\/\/www.grundeinkommen-ist-waehlbar.de\/2017-nrw\/wp-content\/uploads\/sites\/2\/2017\/05\/Patrick-Schiffer-100x100.jpg 100w, https:\/\/www.grundeinkommen-ist-waehlbar.de\/2017-nrw\/wp-content\/uploads\/sites\/2\/2017\/05\/Patrick-Schiffer.jpg 512w\" sizes=\"auto, (max-width: 150px) 100vw, 150px\" \/><\/p>\n<p>Pers\u00f6nliches Statement:<\/p>\n<p>Wir wollen die Existenz der Menschen mit einem bedingungslosen Grundeinkommen grundlegend absichern. Diese Absicherung wird ben\u00f6tigt, damit neue Arbeitsmodelle sich durchsetzen k\u00f6nnen. Wir m\u00f6chten daf\u00fcr sorgen, dass neue und innovative Arbeitsmodelle wie Commons und  Coworking angewendet werden. Das damit einhergehende, projektorientierte Arbeiten l\u00e4sst oftmals keine dauerhafte und feste Anstellung zu. Eine Absicherung \u00fcber ein Grundeinkommen w\u00e4re daher unsere L\u00f6sung der Wahl.<\/p>\n<p>Zur Person:<\/p>\n<p>Alter: 44 Jahre<br \/>\nWohnort: D\u00fcsseldorf<br \/>\nBeruf: Mediendesigner<\/p>\n<p>Meine Webseite:<\/p>\n<p><a href=\"http:\/\/www.pakki.be\/\">http:\/\/www.pakki.be\/<\/a><\/p>\n<p>NRW muss wiederMotor der Innovationskraft, Forschung und Bildung in Deutschland werden. Das riesige Potential der hier lebenden Menschen und M\u00f6glichkeiten wird seit Jahren nicht entsprechend gef\u00f6rdert. Ich m\u00f6chte dazu beitragen, dass sich das \u00e4ndert.<\/p>\n","protected":false},"excerpt":{"rendered":"<p>Pers\u00f6nliches Statement: Wir wollen die Existenz der Menschen mit einem bedingungslosen Grundeinkommen grundlegend absichern. Diese Absicherung wird ben\u00f6tigt, damit neue Arbeitsmodelle sich durchsetzen k\u00f6nnen. Wir m\u00f6chten daf\u00fcr sorgen, dass neue und innovative Arbeitsmodelle wie Commons und Coworking angewendet werden. Das damit einhergehende, projektorientierte Arbeiten l\u00e4sst oftmals keine dauerhafte und feste Anstellung zu. Eine Absicherung \u00fcber &hellip; <\/p>\n<p class=\"link-more\"><a href=\"https:\/\/www.grundeinkommen-ist-waehlbar.de\/2017-nrw\/patrick-schiffer\/\" class=\"more-link\"><span class=\"screen-reader-text\">\u201ePatrick Schiffer\u201c <\/span>weiterlesen<\/a><\/p>\n","protected":false},"author":5,"featured_media":0,"comment_status":"closed","ping_status":"open","sticky":false,"template":"","format":"standard","meta":{"footnotes":""},"categories":[4,56],"tags":[],"class_list":["post-440","post","type-post","status-publish","format-standard","hentry","category-piratenpartei","category-wahlkreis-41-duesseldorf-ii"],"_links":{"self":[{"href":"https:\/\/www.grundeinkommen-ist-waehlbar.de\/2017-nrw\/wp-json\/wp\/v2\/posts\/440","targetHints":{"allow":["GET"]}}],"collection":[{"href":"https:\/\/www.grundeinkommen-ist-waehlbar.de\/2017-nrw\/wp-json\/wp\/v2\/posts"}],"about":[{"href":"https:\/\/www.grundeinkommen-ist-waehlbar.de\/2017-nrw\/wp-json\/wp\/v2\/types\/post"}],"author":[{"embeddable":true,"href":"https:\/\/www.grundeinkommen-ist-waehlbar.de\/2017-nrw\/wp-json\/wp\/v2\/users\/5"}],"replies":[{"embeddable":true,"href":"https:\/\/www.grundeinkommen-ist-waehlbar.de\/2017-nrw\/wp-json\/wp\/v2\/comments?post=440"}],"version-history":[{"count":0,"href":"https:\/\/www.grundeinkommen-ist-waehlbar.de\/2017-nrw\/wp-json\/wp\/v2\/posts\/440\/revisions"}],"wp:attachment":[{"href":"https:\/\/www.grundeinkommen-ist-waehlbar.de\/2017-nrw\/wp-json\/wp\/v2\/media?parent=440"}],"wp:term":[{"taxonomy":"category","embeddable":true,"href":"https:\/\/www.grundeinkommen-ist-waehlbar.de\/2017-nrw\/wp-json\/wp\/v2\/categories?post=440"},{"taxonomy":"post_tag","embeddable":true,"href":"https:\/\/www.grundeinkommen-ist-waehlbar.de\/2017-nrw\/wp-json\/wp\/v2\/tags?post=440"}],"curies":[{"name":"wp","href":"https:\/\/api.w.org\/{rel}","templated":true}]}}