{"id":454,"date":"2017-05-06T19:49:36","date_gmt":"2017-05-06T17:49:36","guid":{"rendered":"http:\/\/www.grundeinkommen-ist-waehlbar.de\/2017\/?p=454"},"modified":"2017-05-06T19:49:36","modified_gmt":"2017-05-06T17:49:36","slug":"tatjana-kordic","status":"publish","type":"post","link":"https:\/\/www.grundeinkommen-ist-waehlbar.de\/2017-nrw\/tatjana-kordic\/","title":{"rendered":"Tatjana Kordic"},"content":{"rendered":"<p><img loading=\"lazy\" decoding=\"async\" class=\"alignnone wp-image-456\" src=\"http:\/\/www.grundeinkommen-ist-waehlbar.de\/nrw2017\/wp-content\/uploads\/sites\/2\/2017\/05\/smartgerecht_Tatjana-Kordic-300x300.jpg\" alt=\"\" width=\"150\" height=\"150\" srcset=\"https:\/\/www.grundeinkommen-ist-waehlbar.de\/2017-nrw\/wp-content\/uploads\/sites\/2\/2017\/05\/smartgerecht_Tatjana-Kordic-300x300.jpg 300w, https:\/\/www.grundeinkommen-ist-waehlbar.de\/2017-nrw\/wp-content\/uploads\/sites\/2\/2017\/05\/smartgerecht_Tatjana-Kordic-150x150.jpg 150w, https:\/\/www.grundeinkommen-ist-waehlbar.de\/2017-nrw\/wp-content\/uploads\/sites\/2\/2017\/05\/smartgerecht_Tatjana-Kordic-768x768.jpg 768w, https:\/\/www.grundeinkommen-ist-waehlbar.de\/2017-nrw\/wp-content\/uploads\/sites\/2\/2017\/05\/smartgerecht_Tatjana-Kordic-100x100.jpg 100w, https:\/\/www.grundeinkommen-ist-waehlbar.de\/2017-nrw\/wp-content\/uploads\/sites\/2\/2017\/05\/smartgerecht_Tatjana-Kordic.jpg 800w\" sizes=\"auto, (max-width: 150px) 100vw, 150px\" \/><\/p>\n<p>Pers\u00f6nliches Statement:<\/p>\n<p>Vollbesch\u00e4ftigung ist utopisch.<br \/>\nDie Frage ist nicht, ob wir es einf\u00fchren m\u00fcssen, sondern wann.<\/p>\n<p>Zur Person:<\/p>\n<p>Mein Name ist Tatjana Kordic. Ich bin am 5. Januar 1988 in Recklinghausen geboren und seit 2013 Mitglied der Piratenpartei. Das erste Mal vom Grundeinkommen h\u00f6rte ich 2007 im Rahmen meines Leistungskurses Wirtschaftslehre. In meinem Studium im Tourismusmanagement ging es dann weiter und ich fing an, dar\u00fcber zu lesen.  Angekommen bei den Piraten kann ich mich demnicht mehr entziehen.<\/p>\n<p>Meine Webseite:<\/p>\n<p><a href=\"http:\/\/meinelebensader.blogspot.de\">http:\/\/meinelebensader.blogspot.de<\/a><\/p>\n","protected":false},"excerpt":{"rendered":"<p>Pers\u00f6nliches Statement: Vollbesch\u00e4ftigung ist utopisch. Die Frage ist nicht, ob wir es einf\u00fchren m\u00fcssen, sondern wann. Zur Person: Mein Name ist Tatjana Kordic. Ich bin am 5. Januar 1988 in Recklinghausen geboren und seit 2013 Mitglied der Piratenpartei. Das erste Mal vom Grundeinkommen h\u00f6rte ich 2007 im Rahmen meines Leistungskurses Wirtschaftslehre. In meinem Studium im &hellip; <\/p>\n<p class=\"link-more\"><a href=\"https:\/\/www.grundeinkommen-ist-waehlbar.de\/2017-nrw\/tatjana-kordic\/\" class=\"more-link\"><span class=\"screen-reader-text\">\u201eTatjana Kordic\u201c <\/span>weiterlesen<\/a><\/p>\n","protected":false},"author":5,"featured_media":0,"comment_status":"closed","ping_status":"open","sticky":false,"template":"","format":"standard","meta":{"footnotes":""},"categories":[4,84],"tags":[],"class_list":["post-454","post","type-post","status-publish","format-standard","hentry","category-piratenpartei","category-wahlkreis-069-recklinghausen-i"],"_links":{"self":[{"href":"https:\/\/www.grundeinkommen-ist-waehlbar.de\/2017-nrw\/wp-json\/wp\/v2\/posts\/454","targetHints":{"allow":["GET"]}}],"collection":[{"href":"https:\/\/www.grundeinkommen-ist-waehlbar.de\/2017-nrw\/wp-json\/wp\/v2\/posts"}],"about":[{"href":"https:\/\/www.grundeinkommen-ist-waehlbar.de\/2017-nrw\/wp-json\/wp\/v2\/types\/post"}],"author":[{"embeddable":true,"href":"https:\/\/www.grundeinkommen-ist-waehlbar.de\/2017-nrw\/wp-json\/wp\/v2\/users\/5"}],"replies":[{"embeddable":true,"href":"https:\/\/www.grundeinkommen-ist-waehlbar.de\/2017-nrw\/wp-json\/wp\/v2\/comments?post=454"}],"version-history":[{"count":0,"href":"https:\/\/www.grundeinkommen-ist-waehlbar.de\/2017-nrw\/wp-json\/wp\/v2\/posts\/454\/revisions"}],"wp:attachment":[{"href":"https:\/\/www.grundeinkommen-ist-waehlbar.de\/2017-nrw\/wp-json\/wp\/v2\/media?parent=454"}],"wp:term":[{"taxonomy":"category","embeddable":true,"href":"https:\/\/www.grundeinkommen-ist-waehlbar.de\/2017-nrw\/wp-json\/wp\/v2\/categories?post=454"},{"taxonomy":"post_tag","embeddable":true,"href":"https:\/\/www.grundeinkommen-ist-waehlbar.de\/2017-nrw\/wp-json\/wp\/v2\/tags?post=454"}],"curies":[{"name":"wp","href":"https:\/\/api.w.org\/{rel}","templated":true}]}}