{"id":469,"date":"2017-05-06T20:22:14","date_gmt":"2017-05-06T18:22:14","guid":{"rendered":"http:\/\/www.grundeinkommen-ist-waehlbar.de\/2017\/?p=469"},"modified":"2017-05-06T20:22:14","modified_gmt":"2017-05-06T18:22:14","slug":"frank-mazny","status":"publish","type":"post","link":"https:\/\/www.grundeinkommen-ist-waehlbar.de\/2017-nrw\/frank-mazny\/","title":{"rendered":"Frank Mazny"},"content":{"rendered":"<p><img loading=\"lazy\" decoding=\"async\" class=\"alignnone wp-image-470\" src=\"http:\/\/www.grundeinkommen-ist-waehlbar.de\/nrw2017\/wp-content\/uploads\/sites\/2\/2017\/05\/frank_mazny_piraten_wk103-217x300.jpg\" alt=\"\" width=\"150\" height=\"208\" srcset=\"https:\/\/www.grundeinkommen-ist-waehlbar.de\/2017-nrw\/wp-content\/uploads\/sites\/2\/2017\/05\/frank_mazny_piraten_wk103-217x300.jpg 217w, https:\/\/www.grundeinkommen-ist-waehlbar.de\/2017-nrw\/wp-content\/uploads\/sites\/2\/2017\/05\/frank_mazny_piraten_wk103-768x1064.jpg 768w, https:\/\/www.grundeinkommen-ist-waehlbar.de\/2017-nrw\/wp-content\/uploads\/sites\/2\/2017\/05\/frank_mazny_piraten_wk103-739x1024.jpg 739w, https:\/\/www.grundeinkommen-ist-waehlbar.de\/2017-nrw\/wp-content\/uploads\/sites\/2\/2017\/05\/frank_mazny_piraten_wk103.jpg 1024w\" sizes=\"auto, (max-width: 150px) 100vw, 150px\" \/><\/p>\n<p>Pers\u00f6nliches Statement:<\/p>\n<p>Das BGE ist die einzige L\u00f6sung, um den Ver\u00e4nderungen und neuen Anforderungen an unsere Gesellschaft im 21. Jahrhundert gerecht zu werden.<\/p>\n<p>Zur Person:<\/p>\n<p>Ich bin 44 Jahre alt, arbeite als Krankenpfleger, bin Vorsitzender der Piraten Hagen und lebe in Ennepetal.<\/p>\n<p>Meine Webseite:<\/p>\n<p><a href=\"http:\/\/piratenhagen.org\">http:\/\/piratenhagen.org<\/a><\/p>\n","protected":false},"excerpt":{"rendered":"<p>Pers\u00f6nliches Statement: Das BGE ist die einzige L\u00f6sung, um den Ver\u00e4nderungen und neuen Anforderungen an unsere Gesellschaft im 21. Jahrhundert gerecht zu werden. Zur Person: Ich bin 44 Jahre alt, arbeite als Krankenpfleger, bin Vorsitzender der Piraten Hagen und lebe in Ennepetal. Meine Webseite: http:\/\/piratenhagen.org<\/p>\n","protected":false},"author":5,"featured_media":0,"comment_status":"closed","ping_status":"open","sticky":false,"template":"","format":"standard","meta":{"footnotes":""},"categories":[4,118],"tags":[],"class_list":["post-469","post","type-post","status-publish","format-standard","hentry","category-piratenpartei","category-wahlkreis-103-hagen-i"],"_links":{"self":[{"href":"https:\/\/www.grundeinkommen-ist-waehlbar.de\/2017-nrw\/wp-json\/wp\/v2\/posts\/469","targetHints":{"allow":["GET"]}}],"collection":[{"href":"https:\/\/www.grundeinkommen-ist-waehlbar.de\/2017-nrw\/wp-json\/wp\/v2\/posts"}],"about":[{"href":"https:\/\/www.grundeinkommen-ist-waehlbar.de\/2017-nrw\/wp-json\/wp\/v2\/types\/post"}],"author":[{"embeddable":true,"href":"https:\/\/www.grundeinkommen-ist-waehlbar.de\/2017-nrw\/wp-json\/wp\/v2\/users\/5"}],"replies":[{"embeddable":true,"href":"https:\/\/www.grundeinkommen-ist-waehlbar.de\/2017-nrw\/wp-json\/wp\/v2\/comments?post=469"}],"version-history":[{"count":0,"href":"https:\/\/www.grundeinkommen-ist-waehlbar.de\/2017-nrw\/wp-json\/wp\/v2\/posts\/469\/revisions"}],"wp:attachment":[{"href":"https:\/\/www.grundeinkommen-ist-waehlbar.de\/2017-nrw\/wp-json\/wp\/v2\/media?parent=469"}],"wp:term":[{"taxonomy":"category","embeddable":true,"href":"https:\/\/www.grundeinkommen-ist-waehlbar.de\/2017-nrw\/wp-json\/wp\/v2\/categories?post=469"},{"taxonomy":"post_tag","embeddable":true,"href":"https:\/\/www.grundeinkommen-ist-waehlbar.de\/2017-nrw\/wp-json\/wp\/v2\/tags?post=469"}],"curies":[{"name":"wp","href":"https:\/\/api.w.org\/{rel}","templated":true}]}}