{"id":476,"date":"2017-05-06T20:50:13","date_gmt":"2017-05-06T18:50:13","guid":{"rendered":"http:\/\/www.grundeinkommen-ist-waehlbar.de\/2017\/?p=476"},"modified":"2017-05-06T20:50:13","modified_gmt":"2017-05-06T18:50:13","slug":"reinhard-beckmann","status":"publish","type":"post","link":"https:\/\/www.grundeinkommen-ist-waehlbar.de\/2017-nrw\/reinhard-beckmann\/","title":{"rendered":"Reinhard Beckmann"},"content":{"rendered":"<p><img loading=\"lazy\" decoding=\"async\" class=\"alignnone wp-image-588\" src=\"http:\/\/www.grundeinkommen-ist-waehlbar.de\/nrw2017\/wp-content\/uploads\/sites\/2\/2017\/05\/LL-40-Reinhard-Beckmann-300x300.jpg\" alt=\"\" width=\"150\" height=\"150\" srcset=\"https:\/\/www.grundeinkommen-ist-waehlbar.de\/2017-nrw\/wp-content\/uploads\/sites\/2\/2017\/05\/LL-40-Reinhard-Beckmann-300x300.jpg 300w, https:\/\/www.grundeinkommen-ist-waehlbar.de\/2017-nrw\/wp-content\/uploads\/sites\/2\/2017\/05\/LL-40-Reinhard-Beckmann-150x150.jpg 150w, https:\/\/www.grundeinkommen-ist-waehlbar.de\/2017-nrw\/wp-content\/uploads\/sites\/2\/2017\/05\/LL-40-Reinhard-Beckmann-768x768.jpg 768w, https:\/\/www.grundeinkommen-ist-waehlbar.de\/2017-nrw\/wp-content\/uploads\/sites\/2\/2017\/05\/LL-40-Reinhard-Beckmann-100x100.jpg 100w, https:\/\/www.grundeinkommen-ist-waehlbar.de\/2017-nrw\/wp-content\/uploads\/sites\/2\/2017\/05\/LL-40-Reinhard-Beckmann.jpg 800w\" sizes=\"auto, (max-width: 150px) 100vw, 150px\" \/><\/p>\n<p>Pers\u00f6nliches Statement:<br \/>\nWir ben\u00f6tigen dringend ein Grundeinkommen, damit die<br \/>\nMenschen im SGB II und im Alter  in W\u00fcrde leben k\u00f6nnen.<\/p>\n<p>Zur Person:<br \/>\nBeruf: Speditionskaufmann<br \/>\nKoordinator AG-BGE Piratenpartei Deutschland<\/p>\n<p>Meine Webseite:<br \/>\n<a href=\"https:\/\/smartgerecht.nrw\/beckmann\/\">https:\/\/smartgerecht.nrw\/beckmann\/<\/a><br \/>\n<a href=\"http:\/\/kandidatencheck\/wdr.de\/kandidatencheck\/?kandidat=683464\">http:\/\/kandidatencheck\/wdr.de\/kandidatencheck\/?kandidat=683464<\/a><\/p>\n<p>&nbsp;<\/p>\n","protected":false},"excerpt":{"rendered":"<p>Pers\u00f6nliches Statement: Wir ben\u00f6tigen dringend ein Grundeinkommen, damit die Menschen im SGB II und im Alter in W\u00fcrde leben k\u00f6nnen. Zur Person: Beruf: Speditionskaufmann Koordinator AG-BGE Piratenpartei Deutschland Meine Webseite: https:\/\/smartgerecht.nrw\/beckmann\/ http:\/\/kandidatencheck\/wdr.de\/kandidatencheck\/?kandidat=683464 &nbsp;<\/p>\n","protected":false},"author":1,"featured_media":0,"comment_status":"closed","ping_status":"open","sticky":false,"template":"","format":"standard","meta":{"footnotes":""},"categories":[4,76],"tags":[],"class_list":["post-476","post","type-post","status-publish","format-standard","hentry","category-piratenpartei","category-wahlkreis-061-duisburg-ii"],"_links":{"self":[{"href":"https:\/\/www.grundeinkommen-ist-waehlbar.de\/2017-nrw\/wp-json\/wp\/v2\/posts\/476","targetHints":{"allow":["GET"]}}],"collection":[{"href":"https:\/\/www.grundeinkommen-ist-waehlbar.de\/2017-nrw\/wp-json\/wp\/v2\/posts"}],"about":[{"href":"https:\/\/www.grundeinkommen-ist-waehlbar.de\/2017-nrw\/wp-json\/wp\/v2\/types\/post"}],"author":[{"embeddable":true,"href":"https:\/\/www.grundeinkommen-ist-waehlbar.de\/2017-nrw\/wp-json\/wp\/v2\/users\/1"}],"replies":[{"embeddable":true,"href":"https:\/\/www.grundeinkommen-ist-waehlbar.de\/2017-nrw\/wp-json\/wp\/v2\/comments?post=476"}],"version-history":[{"count":0,"href":"https:\/\/www.grundeinkommen-ist-waehlbar.de\/2017-nrw\/wp-json\/wp\/v2\/posts\/476\/revisions"}],"wp:attachment":[{"href":"https:\/\/www.grundeinkommen-ist-waehlbar.de\/2017-nrw\/wp-json\/wp\/v2\/media?parent=476"}],"wp:term":[{"taxonomy":"category","embeddable":true,"href":"https:\/\/www.grundeinkommen-ist-waehlbar.de\/2017-nrw\/wp-json\/wp\/v2\/categories?post=476"},{"taxonomy":"post_tag","embeddable":true,"href":"https:\/\/www.grundeinkommen-ist-waehlbar.de\/2017-nrw\/wp-json\/wp\/v2\/tags?post=476"}],"curies":[{"name":"wp","href":"https:\/\/api.w.org\/{rel}","templated":true}]}}