{"id":479,"date":"2017-05-06T20:55:02","date_gmt":"2017-05-06T18:55:02","guid":{"rendered":"http:\/\/www.grundeinkommen-ist-waehlbar.de\/2017\/?p=479"},"modified":"2017-05-06T20:55:02","modified_gmt":"2017-05-06T18:55:02","slug":"felix-naumann","status":"publish","type":"post","link":"https:\/\/www.grundeinkommen-ist-waehlbar.de\/2017-nrw\/felix-naumann\/","title":{"rendered":"Felix Naumann"},"content":{"rendered":"<p><img loading=\"lazy\" decoding=\"async\" class=\"alignnone wp-image-660\" src=\"http:\/\/www.grundeinkommen-ist-waehlbar.de\/nrw2017\/wp-content\/uploads\/sites\/2\/2017\/05\/Felix-Naumann.jpg\" alt=\"\" width=\"150\" height=\"150\" srcset=\"https:\/\/www.grundeinkommen-ist-waehlbar.de\/2017-nrw\/wp-content\/uploads\/sites\/2\/2017\/05\/Felix-Naumann.jpg 263w, https:\/\/www.grundeinkommen-ist-waehlbar.de\/2017-nrw\/wp-content\/uploads\/sites\/2\/2017\/05\/Felix-Naumann-150x150.jpg 150w, https:\/\/www.grundeinkommen-ist-waehlbar.de\/2017-nrw\/wp-content\/uploads\/sites\/2\/2017\/05\/Felix-Naumann-100x100.jpg 100w\" sizes=\"auto, (max-width: 150px) 100vw, 150px\" \/><\/p>\n<p>Pers\u00f6nliches Statement:<br \/>\nWir leben in einer Zeit, in der Erwerbsbiografien ohne Abbr\u00fcche und unbefristete Vertr\u00e4ge selten geworden sind. Die Prekarisierung ist da. Kaum noch jemand bekommt den unbefristeten Vollzeit-Job. Das ist die Realit\u00e4t. Das bedingungslose Grundeinkommen ist auch deshalb das Thema dieser Zeit.<\/p>\n<p>Das bedingungslose Grundeinkommen sichert unsere Existenz und unseren Wohlstand wie auch den unserer Familie. Es sch\u00fctzt unsere Teilhabe an der Gesellschaft direkt durch die H\u00f6he und indirekt durch den Wegfall aller Stigmata.<\/p>\n<p>Und das ist der Punkt: Das Grundeinkommen sichert uns. Alles was wir uns erarbeitet haben m\u00fcssen wir nicht mehr ver\u00e4u\u00dfern, nur weil ein Schicksalsschlag das Arbeiten (zeitweise) unm\u00f6glich macht.<br \/>\nNur Planbarkeit und finanzielle Sicherheit holen das Beste in uns hervor. Innovation, Kreativit\u00e4t, der demokratische Geist und nicht zuletzt die Sicherheit im R\u00fccken, eine eigene Idee in die Tat umzusetzen. Deshalb ist das bedingungsloses Grundeinkommen ein St\u00fcck Wirtschaftspolitik f\u00fcr dieses Jahrhundert. Nicht zuletzt ist das Grundeinkommen etwas, was wir uns selbst geben. Es bekommen alle, folglich bekomme es auch &#8222;ich&#8220;, meine Eltern und Gro\u00dfeltern, meine Kinder und Enkel, die es mir danken werden, dass es das jetzt endlich mal gibt.<\/p>\n<p>Die Zeit f\u00fcr das bedingungslose Grundeinkommen ist jetzt gekommen.<\/p>\n<p>&nbsp;<\/p>\n<p>Zur Person:<br \/>\nIch bin BGE-Bef\u00fcrworter seit meiner fr\u00fchen Kindheit. Damals machte es f\u00fcr mich einfach intuitiv Sinn, ohne dass ich Genaueres wusste. Jeder bekommt das n\u00f6tige Grundeinkommen, um die Existenz in jedem Fall zu sichern, auch wenn er gerade keiner bezahlten T\u00e4tigkeit nachgeht.<\/p>\n<p>Das Grundeinkommen ist f\u00fcr mich das Thema, um so viele Ungerechtigkeiten und Unsinnigkeiten einfach zu korrigieren.<\/p>\n<p>Meine Webseite:<\/p>\n<p><a href=\"http:\/\/nrw.buendnis-grundeinkommen.de\/\" target=\"_blank\" rel=\"noopener noreferrer\">http:\/\/nrw.buendnis-grundeinkommen.de\/<\/a><\/p>\n<p><a href=\"http:\/\/kandidatencheck.wdr.de\/kandidatencheck\/?name=naumann\" target=\"_blank\" rel=\"noopener noreferrer\">WDR-Kandidatencheck Felix Naumann<\/a><\/p>\n","protected":false},"excerpt":{"rendered":"<p>Pers\u00f6nliches Statement: Wir leben in einer Zeit, in der Erwerbsbiografien ohne Abbr\u00fcche und unbefristete Vertr\u00e4ge selten geworden sind. Die Prekarisierung ist da. Kaum noch jemand bekommt den unbefristeten Vollzeit-Job. Das ist die Realit\u00e4t. Das bedingungslose Grundeinkommen ist auch deshalb das Thema dieser Zeit. Das bedingungslose Grundeinkommen sichert unsere Existenz und unseren Wohlstand wie auch den &hellip; <\/p>\n<p class=\"link-more\"><a href=\"https:\/\/www.grundeinkommen-ist-waehlbar.de\/2017-nrw\/felix-naumann\/\" class=\"more-link\"><span class=\"screen-reader-text\">\u201eFelix Naumann\u201c <\/span>weiterlesen<\/a><\/p>\n","protected":false},"author":1,"featured_media":0,"comment_status":"closed","ping_status":"open","sticky":false,"template":"","format":"standard","meta":{"footnotes":""},"categories":[9,14],"tags":[],"class_list":["post-479","post","type-post","status-publish","format-standard","hentry","category-buendnis-grundeinkommen-de","category-direktkandidatinnen"],"_links":{"self":[{"href":"https:\/\/www.grundeinkommen-ist-waehlbar.de\/2017-nrw\/wp-json\/wp\/v2\/posts\/479","targetHints":{"allow":["GET"]}}],"collection":[{"href":"https:\/\/www.grundeinkommen-ist-waehlbar.de\/2017-nrw\/wp-json\/wp\/v2\/posts"}],"about":[{"href":"https:\/\/www.grundeinkommen-ist-waehlbar.de\/2017-nrw\/wp-json\/wp\/v2\/types\/post"}],"author":[{"embeddable":true,"href":"https:\/\/www.grundeinkommen-ist-waehlbar.de\/2017-nrw\/wp-json\/wp\/v2\/users\/1"}],"replies":[{"embeddable":true,"href":"https:\/\/www.grundeinkommen-ist-waehlbar.de\/2017-nrw\/wp-json\/wp\/v2\/comments?post=479"}],"version-history":[{"count":0,"href":"https:\/\/www.grundeinkommen-ist-waehlbar.de\/2017-nrw\/wp-json\/wp\/v2\/posts\/479\/revisions"}],"wp:attachment":[{"href":"https:\/\/www.grundeinkommen-ist-waehlbar.de\/2017-nrw\/wp-json\/wp\/v2\/media?parent=479"}],"wp:term":[{"taxonomy":"category","embeddable":true,"href":"https:\/\/www.grundeinkommen-ist-waehlbar.de\/2017-nrw\/wp-json\/wp\/v2\/categories?post=479"},{"taxonomy":"post_tag","embeddable":true,"href":"https:\/\/www.grundeinkommen-ist-waehlbar.de\/2017-nrw\/wp-json\/wp\/v2\/tags?post=479"}],"curies":[{"name":"wp","href":"https:\/\/api.w.org\/{rel}","templated":true}]}}