{"id":481,"date":"2017-05-06T21:00:14","date_gmt":"2017-05-06T19:00:14","guid":{"rendered":"http:\/\/www.grundeinkommen-ist-waehlbar.de\/2017\/?p=481"},"modified":"2017-05-06T21:00:14","modified_gmt":"2017-05-06T19:00:14","slug":"babak-tubis","status":"publish","type":"post","link":"https:\/\/www.grundeinkommen-ist-waehlbar.de\/2017-nrw\/babak-tubis\/","title":{"rendered":"Babak Tubis"},"content":{"rendered":"<p><img loading=\"lazy\" decoding=\"async\" class=\"alignnone wp-image-484\" src=\"http:\/\/www.grundeinkommen-ist-waehlbar.de\/nrw2017\/wp-content\/uploads\/sites\/2\/2017\/05\/Babak-Tubis-Portrait-300x300.jpg\" alt=\"\" width=\"150\" height=\"150\" srcset=\"https:\/\/www.grundeinkommen-ist-waehlbar.de\/2017-nrw\/wp-content\/uploads\/sites\/2\/2017\/05\/Babak-Tubis-Portrait-300x300.jpg 300w, https:\/\/www.grundeinkommen-ist-waehlbar.de\/2017-nrw\/wp-content\/uploads\/sites\/2\/2017\/05\/Babak-Tubis-Portrait-150x150.jpg 150w, https:\/\/www.grundeinkommen-ist-waehlbar.de\/2017-nrw\/wp-content\/uploads\/sites\/2\/2017\/05\/Babak-Tubis-Portrait-100x100.jpg 100w, https:\/\/www.grundeinkommen-ist-waehlbar.de\/2017-nrw\/wp-content\/uploads\/sites\/2\/2017\/05\/Babak-Tubis-Portrait.jpg 480w\" sizes=\"auto, (max-width: 150px) 100vw, 150px\" \/><\/p>\n<p>Pers\u00f6nliches Statement:<\/p>\n<p>Ich kenne momentan keine vern\u00fcnftige machbare Alternative, die eine gesicherte und ehrenhafte Teilhabe an der Gesellschaft erm\u00f6glicht. Es werden zu viele Arbeiten (z.B. Ehren\u00e4mter oder Familienunterst\u00fctzung) nicht vergolten. Das Grundeinkommen k\u00f6nnte hier eine Gerechtigkeit herstellen und damit eine gleichzeitig pers\u00f6nliche und freiheitliche (liberale), sowie eine gesellschaftliche (soziale) L\u00f6sung sein.<\/p>\n<p>Zur Person:<\/p>\n<p>Unter folgenden Links kann man eine ganze Menge \u00fcber mich und meine politische Einstellung erfahren:<\/p>\n<p><a href=\"https:\/\/wiki.piratenpartei.de\/Benutzer:Blackwolf\">https:\/\/wiki.piratenpartei.de\/Benutzer:Blackwolf<\/a><\/p>\n<p>Meine Webseite:<\/p>\n<p><a href=\"https:\/\/smartgerecht.nrw\/tubis\/\">https:\/\/smartgerecht.nrw\/tubis\/<\/a><\/p>\n","protected":false},"excerpt":{"rendered":"<p>Pers\u00f6nliches Statement: Ich kenne momentan keine vern\u00fcnftige machbare Alternative, die eine gesicherte und ehrenhafte Teilhabe an der Gesellschaft erm\u00f6glicht. Es werden zu viele Arbeiten (z.B. Ehren\u00e4mter oder Familienunterst\u00fctzung) nicht vergolten. Das Grundeinkommen k\u00f6nnte hier eine Gerechtigkeit herstellen und damit eine gleichzeitig pers\u00f6nliche und freiheitliche (liberale), sowie eine gesellschaftliche (soziale) L\u00f6sung sein. Zur Person: Unter folgenden &hellip; <\/p>\n<p class=\"link-more\"><a href=\"https:\/\/www.grundeinkommen-ist-waehlbar.de\/2017-nrw\/babak-tubis\/\" class=\"more-link\"><span class=\"screen-reader-text\">\u201eBabak Tubis\u201c <\/span>weiterlesen<\/a><\/p>\n","protected":false},"author":5,"featured_media":0,"comment_status":"closed","ping_status":"open","sticky":false,"template":"","format":"standard","meta":{"footnotes":""},"categories":[4,34],"tags":[],"class_list":["post-481","post","type-post","status-publish","format-standard","hentry","category-piratenpartei","category-wahlkreis-019-koeln-vii"],"_links":{"self":[{"href":"https:\/\/www.grundeinkommen-ist-waehlbar.de\/2017-nrw\/wp-json\/wp\/v2\/posts\/481","targetHints":{"allow":["GET"]}}],"collection":[{"href":"https:\/\/www.grundeinkommen-ist-waehlbar.de\/2017-nrw\/wp-json\/wp\/v2\/posts"}],"about":[{"href":"https:\/\/www.grundeinkommen-ist-waehlbar.de\/2017-nrw\/wp-json\/wp\/v2\/types\/post"}],"author":[{"embeddable":true,"href":"https:\/\/www.grundeinkommen-ist-waehlbar.de\/2017-nrw\/wp-json\/wp\/v2\/users\/5"}],"replies":[{"embeddable":true,"href":"https:\/\/www.grundeinkommen-ist-waehlbar.de\/2017-nrw\/wp-json\/wp\/v2\/comments?post=481"}],"version-history":[{"count":0,"href":"https:\/\/www.grundeinkommen-ist-waehlbar.de\/2017-nrw\/wp-json\/wp\/v2\/posts\/481\/revisions"}],"wp:attachment":[{"href":"https:\/\/www.grundeinkommen-ist-waehlbar.de\/2017-nrw\/wp-json\/wp\/v2\/media?parent=481"}],"wp:term":[{"taxonomy":"category","embeddable":true,"href":"https:\/\/www.grundeinkommen-ist-waehlbar.de\/2017-nrw\/wp-json\/wp\/v2\/categories?post=481"},{"taxonomy":"post_tag","embeddable":true,"href":"https:\/\/www.grundeinkommen-ist-waehlbar.de\/2017-nrw\/wp-json\/wp\/v2\/tags?post=481"}],"curies":[{"name":"wp","href":"https:\/\/api.w.org\/{rel}","templated":true}]}}