{"id":486,"date":"2017-05-06T21:06:06","date_gmt":"2017-05-06T19:06:06","guid":{"rendered":"http:\/\/www.grundeinkommen-ist-waehlbar.de\/2017\/?p=486"},"modified":"2017-05-06T21:06:06","modified_gmt":"2017-05-06T19:06:06","slug":"sascha-schnelle","status":"publish","type":"post","link":"https:\/\/www.grundeinkommen-ist-waehlbar.de\/2017-nrw\/sascha-schnelle\/","title":{"rendered":"Sascha Schnelle"},"content":{"rendered":"<p><img loading=\"lazy\" decoding=\"async\" class=\"alignnone wp-image-490\" src=\"http:\/\/www.grundeinkommen-ist-waehlbar.de\/nrw2017\/wp-content\/uploads\/sites\/2\/2017\/05\/Sascha-Schnelle-300x200.jpg\" alt=\"\" width=\"150\" height=\"100\" srcset=\"https:\/\/www.grundeinkommen-ist-waehlbar.de\/2017-nrw\/wp-content\/uploads\/sites\/2\/2017\/05\/Sascha-Schnelle-300x200.jpg 300w, https:\/\/www.grundeinkommen-ist-waehlbar.de\/2017-nrw\/wp-content\/uploads\/sites\/2\/2017\/05\/Sascha-Schnelle-768x513.jpg 768w, https:\/\/www.grundeinkommen-ist-waehlbar.de\/2017-nrw\/wp-content\/uploads\/sites\/2\/2017\/05\/Sascha-Schnelle.jpg 1000w\" sizes=\"auto, (max-width: 150px) 100vw, 150px\" \/><\/p>\n<p>Pers\u00f6nliches Statement:<\/p>\n<p>Das bedingungslose Grundeinkommen bietet und die Chance, beh\u00f6rdliche Schikanen, Willk\u00fcr und F\u00e4lschung von Arbeitslosenstatistiken zu beenden. Denn es sollte nicht um die erstbeste, sondern um die beste Stelle gehen, wenn ich den richtigen Job f\u00fcr mich finden will.<\/p>\n<p>Zur Person:<\/p>\n<p>Geboren: 1986<br \/>\nAbitur: 2007<br \/>\nAusbildung zur Fachkraft f\u00fcr Lagerlogistik<br \/>\nParteieintritt:2016<\/p>\n<p>Meine Webseite:<\/p>\n<p><a href=\"https:\/\/facebook.com\/profile.php?fref=nf\">https:\/\/facebook.com\/profile.php?fref=nf<\/a><\/p>\n","protected":false},"excerpt":{"rendered":"<p>Pers\u00f6nliches Statement: Das bedingungslose Grundeinkommen bietet und die Chance, beh\u00f6rdliche Schikanen, Willk\u00fcr und F\u00e4lschung von Arbeitslosenstatistiken zu beenden. Denn es sollte nicht um die erstbeste, sondern um die beste Stelle gehen, wenn ich den richtigen Job f\u00fcr mich finden will. Zur Person: Geboren: 1986 Abitur: 2007 Ausbildung zur Fachkraft f\u00fcr Lagerlogistik Parteieintritt:2016 Meine Webseite: https:\/\/facebook.com\/profile.php?fref=nf<\/p>\n","protected":false},"author":5,"featured_media":0,"comment_status":"closed","ping_status":"open","sticky":false,"template":"","format":"standard","meta":{"footnotes":""},"categories":[9,14],"tags":[],"class_list":["post-486","post","type-post","status-publish","format-standard","hentry","category-buendnis-grundeinkommen-de","category-direktkandidatinnen"],"_links":{"self":[{"href":"https:\/\/www.grundeinkommen-ist-waehlbar.de\/2017-nrw\/wp-json\/wp\/v2\/posts\/486","targetHints":{"allow":["GET"]}}],"collection":[{"href":"https:\/\/www.grundeinkommen-ist-waehlbar.de\/2017-nrw\/wp-json\/wp\/v2\/posts"}],"about":[{"href":"https:\/\/www.grundeinkommen-ist-waehlbar.de\/2017-nrw\/wp-json\/wp\/v2\/types\/post"}],"author":[{"embeddable":true,"href":"https:\/\/www.grundeinkommen-ist-waehlbar.de\/2017-nrw\/wp-json\/wp\/v2\/users\/5"}],"replies":[{"embeddable":true,"href":"https:\/\/www.grundeinkommen-ist-waehlbar.de\/2017-nrw\/wp-json\/wp\/v2\/comments?post=486"}],"version-history":[{"count":0,"href":"https:\/\/www.grundeinkommen-ist-waehlbar.de\/2017-nrw\/wp-json\/wp\/v2\/posts\/486\/revisions"}],"wp:attachment":[{"href":"https:\/\/www.grundeinkommen-ist-waehlbar.de\/2017-nrw\/wp-json\/wp\/v2\/media?parent=486"}],"wp:term":[{"taxonomy":"category","embeddable":true,"href":"https:\/\/www.grundeinkommen-ist-waehlbar.de\/2017-nrw\/wp-json\/wp\/v2\/categories?post=486"},{"taxonomy":"post_tag","embeddable":true,"href":"https:\/\/www.grundeinkommen-ist-waehlbar.de\/2017-nrw\/wp-json\/wp\/v2\/tags?post=486"}],"curies":[{"name":"wp","href":"https:\/\/api.w.org\/{rel}","templated":true}]}}