{"id":493,"date":"2017-05-06T21:24:25","date_gmt":"2017-05-06T19:24:25","guid":{"rendered":"http:\/\/www.grundeinkommen-ist-waehlbar.de\/2017\/?p=493"},"modified":"2017-05-06T21:24:25","modified_gmt":"2017-05-06T19:24:25","slug":"markus-wetzler","status":"publish","type":"post","link":"https:\/\/www.grundeinkommen-ist-waehlbar.de\/2017-nrw\/markus-wetzler\/","title":{"rendered":"Markus Wetzler"},"content":{"rendered":"<p><img loading=\"lazy\" decoding=\"async\" class=\"alignnone wp-image-502\" src=\"http:\/\/www.grundeinkommen-ist-waehlbar.de\/nrw2017\/wp-content\/uploads\/sites\/2\/2017\/05\/Markus-Wetzler-300x225.jpg\" alt=\"\" width=\"150\" height=\"113\" srcset=\"https:\/\/www.grundeinkommen-ist-waehlbar.de\/2017-nrw\/wp-content\/uploads\/sites\/2\/2017\/05\/Markus-Wetzler-300x225.jpg 300w, https:\/\/www.grundeinkommen-ist-waehlbar.de\/2017-nrw\/wp-content\/uploads\/sites\/2\/2017\/05\/Markus-Wetzler-768x576.jpg 768w, https:\/\/www.grundeinkommen-ist-waehlbar.de\/2017-nrw\/wp-content\/uploads\/sites\/2\/2017\/05\/Markus-Wetzler-1024x768.jpg 1024w, https:\/\/www.grundeinkommen-ist-waehlbar.de\/2017-nrw\/wp-content\/uploads\/sites\/2\/2017\/05\/Markus-Wetzler.jpg 1200w\" sizes=\"auto, (max-width: 150px) 100vw, 150px\" \/><\/p>\n<p>Pers\u00f6nliches Statement:<\/p>\n<p>Von Natur aus hat der Mensch (und jedes andere Lebewesen) das Recht auf den Zugang zu lebenswichtigen Ressourcen: ein nat\u00fcrliches Grundeinkommen. Nach Artikel 1 (1) des Grundgesetzes ist die W\u00fcrde des Menschen unantastbar. Gem\u00e4\u00df Artikel 3 sind alle Menschen vor dem Gesetz gleich. &#8222;Im modernen Sinne versteht man darunter (gemeint ist die Menschenw\u00fcrde), dass alle Menschen unabh\u00e4ngig ihrer Herkunft oder anderer Merkmale wie Geschlecht, Alter oder Zustand denselben Wert haben, da sie sich alle durch ein dem Menschen einzig gegebenes sch\u00fctzenswertes Merkmal auszeichnen, die W\u00fcrde.&#8220;<\/p>\n<p>Dar\u00fcber hinaus wurde bereits von 160 L\u00e4ndern ein Pakt \u00fcber wirtschaftliche, soziale und kulturelle Rechte ratifiziert, der beispielsweise Rechte jedes einzelnen auf soziale Sicherheit und einen angemessenen Lebensstandard definiert. Einfach ausgedr\u00fcckt: jeder Mensch, unabh\u00e4ngig von seiner Herkunft, aber auch -und das spielt beim Grundeinkommen in den K\u00f6pfen der Menschen eine wesentliche Rolle- von seiner Lebensarbeitsleistung, hat ein unverletzliches und unver\u00e4u\u00dferliches Recht auf ein w\u00fcrdevolles Leben.  Unzweifelhaft charaktierisiert sich ein w\u00fcrdevolles Leben durch den Zugang auf die bereits weiter oben beschriebenen Ressourcen wie Sonnenlicht, sauberes Trinkwasser und Atemluft, sowie auf Grundnahrungsmittel, eine angemessene Unterkunft -im allgemeinen als sichere Existenz bezeichnet- aber auch \u00fcber die M\u00f6glichkeit, am gesellschaftlichen und politischen Leben teilhaben zu k\u00f6nnen, ohne dies an irgendwelche Bedingungen (z.B. durch die Staatsangeh\u00f6rigkeit oder geleistete Arbeit) zu kn\u00fcpfen.<\/p>\n<p>Zur Person:<\/p>\n<p>44 Jahre, 1 Tochter, Beruf: B\u00fcrokaufmann, arbeitet zur Zeit als Sachbearbeiter in der Pflegekasse.  Seit 2011 Pirat. Seit 2014 im Stadtrat von Kaarst. Seit 2016 Fraktionsvorsitzender ebenda.<\/p>\n<p>Meine Webseite:<\/p>\n<p><a href=\"https:\/\/markusvonkrella.wordpress.com\/\">https:\/\/markusvonkrella.wordpress.com\/<\/a><\/p>\n<p>&nbsp;<\/p>\n","protected":false},"excerpt":{"rendered":"<p>Pers\u00f6nliches Statement: Von Natur aus hat der Mensch (und jedes andere Lebewesen) das Recht auf den Zugang zu lebenswichtigen Ressourcen: ein nat\u00fcrliches Grundeinkommen. Nach Artikel 1 (1) des Grundgesetzes ist die W\u00fcrde des Menschen unantastbar. Gem\u00e4\u00df Artikel 3 sind alle Menschen vor dem Gesetz gleich. &#8222;Im modernen Sinne versteht man darunter (gemeint ist die Menschenw\u00fcrde), &hellip; <\/p>\n<p class=\"link-more\"><a href=\"https:\/\/www.grundeinkommen-ist-waehlbar.de\/2017-nrw\/markus-wetzler\/\" class=\"more-link\"><span class=\"screen-reader-text\">\u201eMarkus Wetzler\u201c <\/span>weiterlesen<\/a><\/p>\n","protected":false},"author":5,"featured_media":0,"comment_status":"closed","ping_status":"open","sticky":false,"template":"","format":"standard","meta":{"footnotes":""},"categories":[4,61],"tags":[],"class_list":["post-493","post","type-post","status-publish","format-standard","hentry","category-piratenpartei","category-wahlkreis-046-rhein-kreis-neuss-iii"],"_links":{"self":[{"href":"https:\/\/www.grundeinkommen-ist-waehlbar.de\/2017-nrw\/wp-json\/wp\/v2\/posts\/493","targetHints":{"allow":["GET"]}}],"collection":[{"href":"https:\/\/www.grundeinkommen-ist-waehlbar.de\/2017-nrw\/wp-json\/wp\/v2\/posts"}],"about":[{"href":"https:\/\/www.grundeinkommen-ist-waehlbar.de\/2017-nrw\/wp-json\/wp\/v2\/types\/post"}],"author":[{"embeddable":true,"href":"https:\/\/www.grundeinkommen-ist-waehlbar.de\/2017-nrw\/wp-json\/wp\/v2\/users\/5"}],"replies":[{"embeddable":true,"href":"https:\/\/www.grundeinkommen-ist-waehlbar.de\/2017-nrw\/wp-json\/wp\/v2\/comments?post=493"}],"version-history":[{"count":0,"href":"https:\/\/www.grundeinkommen-ist-waehlbar.de\/2017-nrw\/wp-json\/wp\/v2\/posts\/493\/revisions"}],"wp:attachment":[{"href":"https:\/\/www.grundeinkommen-ist-waehlbar.de\/2017-nrw\/wp-json\/wp\/v2\/media?parent=493"}],"wp:term":[{"taxonomy":"category","embeddable":true,"href":"https:\/\/www.grundeinkommen-ist-waehlbar.de\/2017-nrw\/wp-json\/wp\/v2\/categories?post=493"},{"taxonomy":"post_tag","embeddable":true,"href":"https:\/\/www.grundeinkommen-ist-waehlbar.de\/2017-nrw\/wp-json\/wp\/v2\/tags?post=493"}],"curies":[{"name":"wp","href":"https:\/\/api.w.org\/{rel}","templated":true}]}}