{"id":522,"date":"2017-05-06T21:58:11","date_gmt":"2017-05-06T19:58:11","guid":{"rendered":"http:\/\/www.grundeinkommen-ist-waehlbar.de\/2017\/?p=522"},"modified":"2017-05-06T21:58:11","modified_gmt":"2017-05-06T19:58:11","slug":"sabine-martiny","status":"publish","type":"post","link":"https:\/\/www.grundeinkommen-ist-waehlbar.de\/2017-nrw\/sabine-martiny\/","title":{"rendered":"Sabine Martiny"},"content":{"rendered":"<p><img loading=\"lazy\" decoding=\"async\" class=\"alignnone wp-image-523\" src=\"http:\/\/www.grundeinkommen-ist-waehlbar.de\/nrw2017\/wp-content\/uploads\/sites\/2\/2017\/05\/Sabine-klein-248x300.jpg\" alt=\"\" width=\"150\" height=\"181\" srcset=\"https:\/\/www.grundeinkommen-ist-waehlbar.de\/2017-nrw\/wp-content\/uploads\/sites\/2\/2017\/05\/Sabine-klein-248x300.jpg 248w, https:\/\/www.grundeinkommen-ist-waehlbar.de\/2017-nrw\/wp-content\/uploads\/sites\/2\/2017\/05\/Sabine-klein.jpg 325w\" sizes=\"auto, (max-width: 150px) 100vw, 150px\" \/><\/p>\n<p>Pers\u00f6nliches Statement:<\/p>\n<p>Angesichts der Verelendung durch Hartz IV und die rasend schnelle Entwicklung des digitalen Wandels ist ein BGE die einzige M\u00f6glichkeit f\u00fcr jeden Menschen, sich frei und in W\u00fcrde zu entfalten.<\/p>\n<p>Zur Person:<\/p>\n<p>Ich bin Abgeordnete im Kreistag Paderborn. Piratin seit 2016. Ich engagiere mich f\u00fcr Bildung und Kultur, f\u00fcr ein Pflichtfach Informatik, G9, Datenschutz und ein BGE.<\/p>\n<p>Meine Webseite:<\/p>\n<p><a href=\"https:\/\/sabinemartiny.wordpress.com\">https:\/\/sabinemartiny.wordpress.com<\/a><\/p>\n","protected":false},"excerpt":{"rendered":"<p>Pers\u00f6nliches Statement: Angesichts der Verelendung durch Hartz IV und die rasend schnelle Entwicklung des digitalen Wandels ist ein BGE die einzige M\u00f6glichkeit f\u00fcr jeden Menschen, sich frei und in W\u00fcrde zu entfalten. Zur Person: Ich bin Abgeordnete im Kreistag Paderborn. Piratin seit 2016. Ich engagiere mich f\u00fcr Bildung und Kultur, f\u00fcr ein Pflichtfach Informatik, G9, &hellip; <\/p>\n<p class=\"link-more\"><a href=\"https:\/\/www.grundeinkommen-ist-waehlbar.de\/2017-nrw\/sabine-martiny\/\" class=\"more-link\"><span class=\"screen-reader-text\">\u201eSabine Martiny\u201c <\/span>weiterlesen<\/a><\/p>\n","protected":false},"author":5,"featured_media":0,"comment_status":"closed","ping_status":"open","sticky":false,"template":"","format":"standard","meta":{"footnotes":""},"categories":[4,116],"tags":[],"class_list":["post-522","post","type-post","status-publish","format-standard","hentry","category-piratenpartei","category-wahlkreis-101-paderborn-ii"],"_links":{"self":[{"href":"https:\/\/www.grundeinkommen-ist-waehlbar.de\/2017-nrw\/wp-json\/wp\/v2\/posts\/522","targetHints":{"allow":["GET"]}}],"collection":[{"href":"https:\/\/www.grundeinkommen-ist-waehlbar.de\/2017-nrw\/wp-json\/wp\/v2\/posts"}],"about":[{"href":"https:\/\/www.grundeinkommen-ist-waehlbar.de\/2017-nrw\/wp-json\/wp\/v2\/types\/post"}],"author":[{"embeddable":true,"href":"https:\/\/www.grundeinkommen-ist-waehlbar.de\/2017-nrw\/wp-json\/wp\/v2\/users\/5"}],"replies":[{"embeddable":true,"href":"https:\/\/www.grundeinkommen-ist-waehlbar.de\/2017-nrw\/wp-json\/wp\/v2\/comments?post=522"}],"version-history":[{"count":0,"href":"https:\/\/www.grundeinkommen-ist-waehlbar.de\/2017-nrw\/wp-json\/wp\/v2\/posts\/522\/revisions"}],"wp:attachment":[{"href":"https:\/\/www.grundeinkommen-ist-waehlbar.de\/2017-nrw\/wp-json\/wp\/v2\/media?parent=522"}],"wp:term":[{"taxonomy":"category","embeddable":true,"href":"https:\/\/www.grundeinkommen-ist-waehlbar.de\/2017-nrw\/wp-json\/wp\/v2\/categories?post=522"},{"taxonomy":"post_tag","embeddable":true,"href":"https:\/\/www.grundeinkommen-ist-waehlbar.de\/2017-nrw\/wp-json\/wp\/v2\/tags?post=522"}],"curies":[{"name":"wp","href":"https:\/\/api.w.org\/{rel}","templated":true}]}}