{"id":534,"date":"2017-05-07T10:27:44","date_gmt":"2017-05-07T08:27:44","guid":{"rendered":"http:\/\/www.grundeinkommen-ist-waehlbar.de\/2017\/?p=534"},"modified":"2017-05-07T10:27:44","modified_gmt":"2017-05-07T08:27:44","slug":"manfred-schramm","status":"publish","type":"post","link":"https:\/\/www.grundeinkommen-ist-waehlbar.de\/2017-nrw\/manfred-schramm\/","title":{"rendered":"Manfred Schramm"},"content":{"rendered":"<p><img loading=\"lazy\" decoding=\"async\" class=\"alignnone wp-image-537\" src=\"http:\/\/www.grundeinkommen-ist-waehlbar.de\/nrw2017\/wp-content\/uploads\/sites\/2\/2017\/05\/ManfredSchramm-web-225x300.jpg\" alt=\"\" width=\"150\" height=\"200\" srcset=\"https:\/\/www.grundeinkommen-ist-waehlbar.de\/2017-nrw\/wp-content\/uploads\/sites\/2\/2017\/05\/ManfredSchramm-web-225x300.jpg 225w, https:\/\/www.grundeinkommen-ist-waehlbar.de\/2017-nrw\/wp-content\/uploads\/sites\/2\/2017\/05\/ManfredSchramm-web-768x1024.jpg 768w, https:\/\/www.grundeinkommen-ist-waehlbar.de\/2017-nrw\/wp-content\/uploads\/sites\/2\/2017\/05\/ManfredSchramm-web.jpg 800w\" sizes=\"auto, (max-width: 150px) 100vw, 150px\" \/><\/p>\n<p>Pers\u00f6nliches Statement:<\/p>\n<p>Nach Artikel 1 (1) des Grundgesetzes ist die W\u00fcrde des Menschen unantastbar. Gem\u00e4\u00df Artikel 3 sind alle Menschen vor dem Gesetz gleich. &#8222;Im modernen Sinne versteht man darunter, dass alle Menschen unabh\u00e4ngig von ihrer Herkunft oder anderen Merkmalen wie Geschlecht oder Alter denselben Wert haben.&#8220; Bereits von 160 L\u00e4ndern wurde ein Pakt \u00fcber wirtschaftliche, soziale und kulturelle Rechte ratifiziert, der beispielsweise Rechte jedes einzelnen auf soziale Sicherheit und einen angemessenen Lebensstandard definiert. Jeder Mensch hat ein unverletzliches und unver\u00e4u\u00dferliches Recht auf ein w\u00fcrdevolles Leben mit Zugang zu Ressourcen wie Sonnenlicht, sauberes Trinkwasser und Atemluft, auf Grundnahrungsmittel und eine angemessene Unterkunft, aber auch auf die M\u00f6glichkeit, am gesellschaftlichen und politischen Leben teilhaben zu k\u00f6nnen, ohne dies an irgendwelche Bedingungen zu kn\u00fcpfen.<\/p>\n<p>Zur Person:<\/p>\n<p>Ich bin 56 Jahre alt, lebe mit Frau und zwei Kindern in Wesel und bin IT-Systemberater mit den gelernten Berufen Betriebsschlosser und Organisationsprogrammierer.<\/p>\n<p>Mitglied im Rat der Stadt Wesel und im Kreistag Wesel. Ich bin Mitglied bei RTGW &#8211; Ruder- und Tennisgesellschaft 1907 e.V., PiKo NRW Mehr Demokratie e.V., Gr\u00fcndungsmitglied Wesalia hospitalis e.V.i.G., ADAC, F\u00f6rdermitglied Musik- und Kunstschule Wesel, F\u00f6rdermitglied F\u00f6rderverein Gemeinschaftsgrundschule Am Buttendick, VfL Borussia M\u00f6nchengladbach 1900 e.V., F\u00f6rdermitglied der neuen &#8222;Junge Piraten&#8220;.<\/p>\n<p>Meine Webseite:<\/p>\n<p><a href=\"https:\/\/wiki.piratenpartei.de\/Benutzer:Masch\">https:\/\/wiki.piratenpartei.de\/Benutzer:Masch<\/a><\/p>\n<p><a href=\"http:\/\/www.hhhhmmmmasch.de\">www.hhhhmmmmasch.de<\/a><\/p>\n<p>&nbsp;<\/p>\n","protected":false},"excerpt":{"rendered":"<p>Pers\u00f6nliches Statement: Nach Artikel 1 (1) des Grundgesetzes ist die W\u00fcrde des Menschen unantastbar. Gem\u00e4\u00df Artikel 3 sind alle Menschen vor dem Gesetz gleich. &#8222;Im modernen Sinne versteht man darunter, dass alle Menschen unabh\u00e4ngig von ihrer Herkunft oder anderen Merkmalen wie Geschlecht oder Alter denselben Wert haben.&#8220; Bereits von 160 L\u00e4ndern wurde ein Pakt \u00fcber &hellip; <\/p>\n<p class=\"link-more\"><a href=\"https:\/\/www.grundeinkommen-ist-waehlbar.de\/2017-nrw\/manfred-schramm\/\" class=\"more-link\"><span class=\"screen-reader-text\">\u201eManfred Schramm\u201c <\/span>weiterlesen<\/a><\/p>\n","protected":false},"author":5,"featured_media":0,"comment_status":"closed","ping_status":"open","sticky":false,"template":"","format":"standard","meta":{"footnotes":""},"categories":[4,72],"tags":[],"class_list":["post-534","post","type-post","status-publish","format-standard","hentry","category-piratenpartei","category-wahlkreis-057-wesel-ii"],"_links":{"self":[{"href":"https:\/\/www.grundeinkommen-ist-waehlbar.de\/2017-nrw\/wp-json\/wp\/v2\/posts\/534","targetHints":{"allow":["GET"]}}],"collection":[{"href":"https:\/\/www.grundeinkommen-ist-waehlbar.de\/2017-nrw\/wp-json\/wp\/v2\/posts"}],"about":[{"href":"https:\/\/www.grundeinkommen-ist-waehlbar.de\/2017-nrw\/wp-json\/wp\/v2\/types\/post"}],"author":[{"embeddable":true,"href":"https:\/\/www.grundeinkommen-ist-waehlbar.de\/2017-nrw\/wp-json\/wp\/v2\/users\/5"}],"replies":[{"embeddable":true,"href":"https:\/\/www.grundeinkommen-ist-waehlbar.de\/2017-nrw\/wp-json\/wp\/v2\/comments?post=534"}],"version-history":[{"count":0,"href":"https:\/\/www.grundeinkommen-ist-waehlbar.de\/2017-nrw\/wp-json\/wp\/v2\/posts\/534\/revisions"}],"wp:attachment":[{"href":"https:\/\/www.grundeinkommen-ist-waehlbar.de\/2017-nrw\/wp-json\/wp\/v2\/media?parent=534"}],"wp:term":[{"taxonomy":"category","embeddable":true,"href":"https:\/\/www.grundeinkommen-ist-waehlbar.de\/2017-nrw\/wp-json\/wp\/v2\/categories?post=534"},{"taxonomy":"post_tag","embeddable":true,"href":"https:\/\/www.grundeinkommen-ist-waehlbar.de\/2017-nrw\/wp-json\/wp\/v2\/tags?post=534"}],"curies":[{"name":"wp","href":"https:\/\/api.w.org\/{rel}","templated":true}]}}