{"id":544,"date":"2017-05-07T10:38:59","date_gmt":"2017-05-07T08:38:59","guid":{"rendered":"http:\/\/www.grundeinkommen-ist-waehlbar.de\/2017\/?p=544"},"modified":"2017-05-07T10:38:59","modified_gmt":"2017-05-07T08:38:59","slug":"stefan-kottas","status":"publish","type":"post","link":"https:\/\/www.grundeinkommen-ist-waehlbar.de\/2017-nrw\/stefan-kottas\/","title":{"rendered":"Stefan Kottas"},"content":{"rendered":"<p><img loading=\"lazy\" decoding=\"async\" class=\"alignnone wp-image-545\" src=\"http:\/\/www.grundeinkommen-ist-waehlbar.de\/nrw2017\/wp-content\/uploads\/sites\/2\/2017\/05\/LL-30-Stefan-Kottas-300x300.jpg\" alt=\"\" width=\"150\" height=\"150\" srcset=\"https:\/\/www.grundeinkommen-ist-waehlbar.de\/2017-nrw\/wp-content\/uploads\/sites\/2\/2017\/05\/LL-30-Stefan-Kottas-300x300.jpg 300w, https:\/\/www.grundeinkommen-ist-waehlbar.de\/2017-nrw\/wp-content\/uploads\/sites\/2\/2017\/05\/LL-30-Stefan-Kottas-150x150.jpg 150w, https:\/\/www.grundeinkommen-ist-waehlbar.de\/2017-nrw\/wp-content\/uploads\/sites\/2\/2017\/05\/LL-30-Stefan-Kottas-768x768.jpg 768w, https:\/\/www.grundeinkommen-ist-waehlbar.de\/2017-nrw\/wp-content\/uploads\/sites\/2\/2017\/05\/LL-30-Stefan-Kottas-100x100.jpg 100w, https:\/\/www.grundeinkommen-ist-waehlbar.de\/2017-nrw\/wp-content\/uploads\/sites\/2\/2017\/05\/LL-30-Stefan-Kottas.jpg 800w\" sizes=\"auto, (max-width: 150px) 100vw, 150px\" \/><\/p>\n<p>Pers\u00f6nliches Statement:<\/p>\n<p>Das Bedingungslose Grundeinkommen ist die L\u00f6sung f\u00fcr mehrere aktuelle und zuk\u00fcnftige Probleme, wie z.B. Kinder-, Alters- und Energiearmut und ungerechte Einkommensverteilung, wenn immer mehr menschliche Arbeit durch maschinelle Arbeit ersetzt wird.<\/p>\n<p>Zur Person:<\/p>\n<p>Siehe meine Homepage.<\/p>\n<p>Meine Webseite:<\/p>\n<p><a href=\"https:\/\/smartgerecht.nrw\/kottas\/\">https:\/\/smartgerecht.nrw\/kottas\/<\/a><\/p>\n","protected":false},"excerpt":{"rendered":"<p>Pers\u00f6nliches Statement: Das Bedingungslose Grundeinkommen ist die L\u00f6sung f\u00fcr mehrere aktuelle und zuk\u00fcnftige Probleme, wie z.B. Kinder-, Alters- und Energiearmut und ungerechte Einkommensverteilung, wenn immer mehr menschliche Arbeit durch maschinelle Arbeit ersetzt wird. Zur Person: Siehe meine Homepage. Meine Webseite: https:\/\/smartgerecht.nrw\/kottas\/<\/p>\n","protected":false},"author":5,"featured_media":0,"comment_status":"closed","ping_status":"open","sticky":false,"template":"","format":"standard","meta":{"footnotes":""},"categories":[14,4],"tags":[],"class_list":["post-544","post","type-post","status-publish","format-standard","hentry","category-direktkandidatinnen","category-piratenpartei"],"_links":{"self":[{"href":"https:\/\/www.grundeinkommen-ist-waehlbar.de\/2017-nrw\/wp-json\/wp\/v2\/posts\/544","targetHints":{"allow":["GET"]}}],"collection":[{"href":"https:\/\/www.grundeinkommen-ist-waehlbar.de\/2017-nrw\/wp-json\/wp\/v2\/posts"}],"about":[{"href":"https:\/\/www.grundeinkommen-ist-waehlbar.de\/2017-nrw\/wp-json\/wp\/v2\/types\/post"}],"author":[{"embeddable":true,"href":"https:\/\/www.grundeinkommen-ist-waehlbar.de\/2017-nrw\/wp-json\/wp\/v2\/users\/5"}],"replies":[{"embeddable":true,"href":"https:\/\/www.grundeinkommen-ist-waehlbar.de\/2017-nrw\/wp-json\/wp\/v2\/comments?post=544"}],"version-history":[{"count":0,"href":"https:\/\/www.grundeinkommen-ist-waehlbar.de\/2017-nrw\/wp-json\/wp\/v2\/posts\/544\/revisions"}],"wp:attachment":[{"href":"https:\/\/www.grundeinkommen-ist-waehlbar.de\/2017-nrw\/wp-json\/wp\/v2\/media?parent=544"}],"wp:term":[{"taxonomy":"category","embeddable":true,"href":"https:\/\/www.grundeinkommen-ist-waehlbar.de\/2017-nrw\/wp-json\/wp\/v2\/categories?post=544"},{"taxonomy":"post_tag","embeddable":true,"href":"https:\/\/www.grundeinkommen-ist-waehlbar.de\/2017-nrw\/wp-json\/wp\/v2\/tags?post=544"}],"curies":[{"name":"wp","href":"https:\/\/api.w.org\/{rel}","templated":true}]}}