{"id":547,"date":"2017-05-07T10:44:28","date_gmt":"2017-05-07T08:44:28","guid":{"rendered":"http:\/\/www.grundeinkommen-ist-waehlbar.de\/2017\/?p=547"},"modified":"2017-05-07T10:44:28","modified_gmt":"2017-05-07T08:44:28","slug":"wolf-roth","status":"publish","type":"post","link":"https:\/\/www.grundeinkommen-ist-waehlbar.de\/2017-nrw\/wolf-roth\/","title":{"rendered":"Wolf Roth"},"content":{"rendered":"<p><img loading=\"lazy\" decoding=\"async\" class=\"alignnone wp-image-548\" src=\"http:\/\/www.grundeinkommen-ist-waehlbar.de\/nrw2017\/wp-content\/uploads\/sites\/2\/2017\/05\/151012_EGA-Park-Erfurt-Ausschnitt-272x300.jpg\" alt=\"\" width=\"150\" height=\"166\" srcset=\"https:\/\/www.grundeinkommen-ist-waehlbar.de\/2017-nrw\/wp-content\/uploads\/sites\/2\/2017\/05\/151012_EGA-Park-Erfurt-Ausschnitt-272x300.jpg 272w, https:\/\/www.grundeinkommen-ist-waehlbar.de\/2017-nrw\/wp-content\/uploads\/sites\/2\/2017\/05\/151012_EGA-Park-Erfurt-Ausschnitt.jpg 748w\" sizes=\"auto, (max-width: 150px) 100vw, 150px\" \/><\/p>\n<p>Pers\u00f6nliches Statement:<\/p>\n<p>Ein Grundeinkommen ist die logische Konsequenz einer sich \u00e4ndernden Arbeitswelt und der einzig vern\u00fcnftige Weg, nichtnur Arbeitseinkommen zu achten, sondern auch T\u00e4tigkeiten im Ehrenamt, der Familie oder dem k\u00fcnstlerischen Bereich.<\/p>\n<p>Zur Person:<\/p>\n<p>Siehe meine Homepage.<\/p>\n<p>Meine Webseite:<\/p>\n<p><a href=\"http:\/\/wiki.piratenpartei.de\/Benutzer:AnnaLuese\">http:\/\/wiki.piratenpartei.de\/Benutzer:AnnaLuese<\/a><\/p>\n<p><a href=\"http:\/\/www.planwert.de\">www.planwert.de<\/a><\/p>\n","protected":false},"excerpt":{"rendered":"<p>Pers\u00f6nliches Statement: Ein Grundeinkommen ist die logische Konsequenz einer sich \u00e4ndernden Arbeitswelt und der einzig vern\u00fcnftige Weg, nichtnur Arbeitseinkommen zu achten, sondern auch T\u00e4tigkeiten im Ehrenamt, der Familie oder dem k\u00fcnstlerischen Bereich. Zur Person: Siehe meine Homepage. Meine Webseite: http:\/\/wiki.piratenpartei.de\/Benutzer:AnnaLuese www.planwert.de<\/p>\n","protected":false},"author":5,"featured_media":0,"comment_status":"closed","ping_status":"open","sticky":false,"template":"","format":"standard","meta":{"footnotes":""},"categories":[4,43],"tags":[],"class_list":["post-547","post","type-post","status-publish","format-standard","hentry","category-piratenpartei","category-wahlkreis-028-rhein-sieg-kreis-iv"],"_links":{"self":[{"href":"https:\/\/www.grundeinkommen-ist-waehlbar.de\/2017-nrw\/wp-json\/wp\/v2\/posts\/547","targetHints":{"allow":["GET"]}}],"collection":[{"href":"https:\/\/www.grundeinkommen-ist-waehlbar.de\/2017-nrw\/wp-json\/wp\/v2\/posts"}],"about":[{"href":"https:\/\/www.grundeinkommen-ist-waehlbar.de\/2017-nrw\/wp-json\/wp\/v2\/types\/post"}],"author":[{"embeddable":true,"href":"https:\/\/www.grundeinkommen-ist-waehlbar.de\/2017-nrw\/wp-json\/wp\/v2\/users\/5"}],"replies":[{"embeddable":true,"href":"https:\/\/www.grundeinkommen-ist-waehlbar.de\/2017-nrw\/wp-json\/wp\/v2\/comments?post=547"}],"version-history":[{"count":0,"href":"https:\/\/www.grundeinkommen-ist-waehlbar.de\/2017-nrw\/wp-json\/wp\/v2\/posts\/547\/revisions"}],"wp:attachment":[{"href":"https:\/\/www.grundeinkommen-ist-waehlbar.de\/2017-nrw\/wp-json\/wp\/v2\/media?parent=547"}],"wp:term":[{"taxonomy":"category","embeddable":true,"href":"https:\/\/www.grundeinkommen-ist-waehlbar.de\/2017-nrw\/wp-json\/wp\/v2\/categories?post=547"},{"taxonomy":"post_tag","embeddable":true,"href":"https:\/\/www.grundeinkommen-ist-waehlbar.de\/2017-nrw\/wp-json\/wp\/v2\/tags?post=547"}],"curies":[{"name":"wp","href":"https:\/\/api.w.org\/{rel}","templated":true}]}}