{"id":566,"date":"2017-05-07T13:14:58","date_gmt":"2017-05-07T11:14:58","guid":{"rendered":"http:\/\/www.grundeinkommen-ist-waehlbar.de\/2017\/?p=566"},"modified":"2017-05-07T13:14:58","modified_gmt":"2017-05-07T11:14:58","slug":"karin-schaefer","status":"publish","type":"post","link":"https:\/\/www.grundeinkommen-ist-waehlbar.de\/2017-nrw\/karin-schaefer\/","title":{"rendered":"Karin Sch\u00e4fer"},"content":{"rendered":"<figure id=\"attachment_570\" aria-describedby=\"caption-attachment-570\" style=\"width: 150px\" class=\"wp-caption alignnone\"><img loading=\"lazy\" decoding=\"async\" class=\"wp-image-570\" src=\"http:\/\/www.grundeinkommen-ist-waehlbar.de\/nrw2017\/wp-content\/uploads\/sites\/2\/2017\/05\/Karin-im-Frankys.jpg\" alt=\"\" width=\"150\" height=\"150\" srcset=\"https:\/\/www.grundeinkommen-ist-waehlbar.de\/2017-nrw\/wp-content\/uploads\/sites\/2\/2017\/05\/Karin-im-Frankys.jpg 200w, https:\/\/www.grundeinkommen-ist-waehlbar.de\/2017-nrw\/wp-content\/uploads\/sites\/2\/2017\/05\/Karin-im-Frankys-150x150.jpg 150w, https:\/\/www.grundeinkommen-ist-waehlbar.de\/2017-nrw\/wp-content\/uploads\/sites\/2\/2017\/05\/Karin-im-Frankys-100x100.jpg 100w\" sizes=\"auto, (max-width: 150px) 100vw, 150px\" \/><figcaption id=\"caption-attachment-570\" class=\"wp-caption-text\">Karin Sch\u00e4fer<\/figcaption><\/figure>\n<div><\/div>\n<p>Pers\u00f6nliches Statement:<br \/>\nDie Violetten waren die erste Partei, die das bedingungslose Grundeinkommen fest in ihrem Programm haben. Bereits seit ca. 12 Jahren ist es einer unserer Grundpfeiler, um eine menschenw\u00fcrdige Politik zu gestalten.<br \/>\nJeder Mensch ist gleichwertig, und jeder Mensch hat das Recht auf ein Einkommen.<br \/>\nAufgrund der sich st\u00e4ndig \u00e4ndernden Arbeitsmarktbedingungen, z. B. durch immer mehr computer- und maschinengest\u00fctzte Arbeitspl\u00e4tze, wird es zuk\u00fcnftig immer weniger m\u00f6glich sein, allen Menschen eine Erwerbst\u00e4tigkeit zu garantieren. Das ist ja jetzt schon nicht mehr m\u00f6glich. Deshalb sagen wir:<br \/>\nJeder Mensch hat ein Recht auf Einkommen!<\/p>\n<p>Zur Person:<br \/>\nKarin Sch\u00e4fer, Jahrgang 1956<br \/>\nSekret\u00e4rin \/ Heilpraktikerin<br \/>\nverheiratet, keine Kinder<br \/>\nseit 2009 aktiv t\u00e4tig bei den Violetten<br \/>\nseit 2013 Kreisvorsitzende in Oberhausen<br \/>\nseit 2014 Landessekret\u00e4rin in NRW<br \/>\nbei der Landtagswahl Listenplatz 3<\/p>\n<p>Ich brenne f\u00fcr die Violetten und vor allem f\u00fcr ein BGE!!<\/p>\n<p>Meine Website:<\/p>\n<p><a href=\"https:\/\/www.facebook.com\/Ihre-Landtags-und-Bundestagskandidatin-Karin-Sch%C3%A4fer-1069558199799723\/\" target=\"_blank\" rel=\"noopener noreferrer\">https:\/\/www.facebook.com\/Ihre-Landtags-und-Bundestagskandidatin-Karin-Sch\u00e4fer-1069558199799723\/<\/a><\/p>\n<div class=\"yj6qo ajU\">\n<div id=\":1qe\" class=\"ajR\"><img decoding=\"async\" class=\"ajT\" src=\"https:\/\/ssl.gstatic.com\/ui\/v1\/icons\/mail\/images\/cleardot.gif\" \/><\/div>\n<\/div>\n","protected":false},"excerpt":{"rendered":"<p>Pers\u00f6nliches Statement: Die Violetten waren die erste Partei, die das bedingungslose Grundeinkommen fest in ihrem Programm haben. Bereits seit ca. 12 Jahren ist es einer unserer Grundpfeiler, um eine menschenw\u00fcrdige Politik zu gestalten. Jeder Mensch ist gleichwertig, und jeder Mensch hat das Recht auf ein Einkommen. Aufgrund der sich st\u00e4ndig \u00e4ndernden Arbeitsmarktbedingungen, z. B. durch &hellip; <\/p>\n<p class=\"link-more\"><a href=\"https:\/\/www.grundeinkommen-ist-waehlbar.de\/2017-nrw\/karin-schaefer\/\" class=\"more-link\"><span class=\"screen-reader-text\">\u201eKarin Sch\u00e4fer\u201c <\/span>weiterlesen<\/a><\/p>\n","protected":false},"author":1,"featured_media":0,"comment_status":"closed","ping_status":"open","sticky":false,"template":"","format":"standard","meta":{"footnotes":""},"categories":[13,14],"tags":[],"class_list":["post-566","post","type-post","status-publish","format-standard","hentry","category-die-violetten","category-direktkandidatinnen"],"_links":{"self":[{"href":"https:\/\/www.grundeinkommen-ist-waehlbar.de\/2017-nrw\/wp-json\/wp\/v2\/posts\/566","targetHints":{"allow":["GET"]}}],"collection":[{"href":"https:\/\/www.grundeinkommen-ist-waehlbar.de\/2017-nrw\/wp-json\/wp\/v2\/posts"}],"about":[{"href":"https:\/\/www.grundeinkommen-ist-waehlbar.de\/2017-nrw\/wp-json\/wp\/v2\/types\/post"}],"author":[{"embeddable":true,"href":"https:\/\/www.grundeinkommen-ist-waehlbar.de\/2017-nrw\/wp-json\/wp\/v2\/users\/1"}],"replies":[{"embeddable":true,"href":"https:\/\/www.grundeinkommen-ist-waehlbar.de\/2017-nrw\/wp-json\/wp\/v2\/comments?post=566"}],"version-history":[{"count":0,"href":"https:\/\/www.grundeinkommen-ist-waehlbar.de\/2017-nrw\/wp-json\/wp\/v2\/posts\/566\/revisions"}],"wp:attachment":[{"href":"https:\/\/www.grundeinkommen-ist-waehlbar.de\/2017-nrw\/wp-json\/wp\/v2\/media?parent=566"}],"wp:term":[{"taxonomy":"category","embeddable":true,"href":"https:\/\/www.grundeinkommen-ist-waehlbar.de\/2017-nrw\/wp-json\/wp\/v2\/categories?post=566"},{"taxonomy":"post_tag","embeddable":true,"href":"https:\/\/www.grundeinkommen-ist-waehlbar.de\/2017-nrw\/wp-json\/wp\/v2\/tags?post=566"}],"curies":[{"name":"wp","href":"https:\/\/api.w.org\/{rel}","templated":true}]}}