{"id":595,"date":"2017-05-07T16:03:55","date_gmt":"2017-05-07T14:03:55","guid":{"rendered":"http:\/\/www.grundeinkommen-ist-waehlbar.de\/2017\/?p=595"},"modified":"2017-05-07T16:03:55","modified_gmt":"2017-05-07T14:03:55","slug":"kurt-klein","status":"publish","type":"post","link":"https:\/\/www.grundeinkommen-ist-waehlbar.de\/2017-nrw\/kurt-klein\/","title":{"rendered":"Kurt Klein"},"content":{"rendered":"<p><img loading=\"lazy\" decoding=\"async\" class=\"alignnone wp-image-596\" src=\"http:\/\/www.grundeinkommen-ist-waehlbar.de\/nrw2017\/wp-content\/uploads\/sites\/2\/2017\/05\/Auch-selbst-294x300.jpg\" alt=\"\" width=\"150\" height=\"153\" srcset=\"https:\/\/www.grundeinkommen-ist-waehlbar.de\/2017-nrw\/wp-content\/uploads\/sites\/2\/2017\/05\/Auch-selbst-294x300.jpg 294w, https:\/\/www.grundeinkommen-ist-waehlbar.de\/2017-nrw\/wp-content\/uploads\/sites\/2\/2017\/05\/Auch-selbst.jpg 398w\" sizes=\"auto, (max-width: 150px) 100vw, 150px\" \/><\/p>\n<p>KandidatIn-Typ: DirektkandidatIn<\/p>\n<p>Wahlkreis: Wahlkreis 63 Duisburg IV \/ Wesel V<\/p>\n<p>Partei: Piratenpartei<\/p>\n<p>Pers\u00f6nliches Statement:<br \/>\nF\u00fcr ein Leben ohne Existenz\u00e4ngste.<\/p>\n<p>Zur Person:<br \/>\nDa Vollbesch\u00e4ftigung jetzt schon nicht zu erreichen ist und mit fortschreitender Digitalisierung der Arbeitswelt immer illusorischer wird, muss das gesellschafltiche Modell dringend \u00fcberarbeitet werden. Hier sind vorrangig eine Kinder- und Altersgrundsicherung einzuf\u00fchren.<\/p>\n<div class=\"yj6qo ajU\">\n<div id=\":h3\" class=\"ajR\"><img decoding=\"async\" class=\"ajT\" src=\"https:\/\/ssl.gstatic.com\/ui\/v1\/icons\/mail\/images\/cleardot.gif\" \/><\/div>\n<\/div>\n","protected":false},"excerpt":{"rendered":"<p>KandidatIn-Typ: DirektkandidatIn Wahlkreis: Wahlkreis 63 Duisburg IV \/ Wesel V Partei: Piratenpartei Pers\u00f6nliches Statement: F\u00fcr ein Leben ohne Existenz\u00e4ngste. Zur Person: Da Vollbesch\u00e4ftigung jetzt schon nicht zu erreichen ist und mit fortschreitender Digitalisierung der Arbeitswelt immer illusorischer wird, muss das gesellschafltiche Modell dringend \u00fcberarbeitet werden. Hier sind vorrangig eine Kinder- und Altersgrundsicherung einzuf\u00fchren.<\/p>\n","protected":false},"author":1,"featured_media":0,"comment_status":"closed","ping_status":"open","sticky":false,"template":"","format":"standard","meta":{"footnotes":""},"categories":[78],"tags":[],"class_list":["post-595","post","type-post","status-publish","format-standard","hentry","category-wahlkreis-063-duisburg-iv-wesel-v"],"_links":{"self":[{"href":"https:\/\/www.grundeinkommen-ist-waehlbar.de\/2017-nrw\/wp-json\/wp\/v2\/posts\/595","targetHints":{"allow":["GET"]}}],"collection":[{"href":"https:\/\/www.grundeinkommen-ist-waehlbar.de\/2017-nrw\/wp-json\/wp\/v2\/posts"}],"about":[{"href":"https:\/\/www.grundeinkommen-ist-waehlbar.de\/2017-nrw\/wp-json\/wp\/v2\/types\/post"}],"author":[{"embeddable":true,"href":"https:\/\/www.grundeinkommen-ist-waehlbar.de\/2017-nrw\/wp-json\/wp\/v2\/users\/1"}],"replies":[{"embeddable":true,"href":"https:\/\/www.grundeinkommen-ist-waehlbar.de\/2017-nrw\/wp-json\/wp\/v2\/comments?post=595"}],"version-history":[{"count":0,"href":"https:\/\/www.grundeinkommen-ist-waehlbar.de\/2017-nrw\/wp-json\/wp\/v2\/posts\/595\/revisions"}],"wp:attachment":[{"href":"https:\/\/www.grundeinkommen-ist-waehlbar.de\/2017-nrw\/wp-json\/wp\/v2\/media?parent=595"}],"wp:term":[{"taxonomy":"category","embeddable":true,"href":"https:\/\/www.grundeinkommen-ist-waehlbar.de\/2017-nrw\/wp-json\/wp\/v2\/categories?post=595"},{"taxonomy":"post_tag","embeddable":true,"href":"https:\/\/www.grundeinkommen-ist-waehlbar.de\/2017-nrw\/wp-json\/wp\/v2\/tags?post=595"}],"curies":[{"name":"wp","href":"https:\/\/api.w.org\/{rel}","templated":true}]}}