{"id":603,"date":"2017-05-07T16:13:51","date_gmt":"2017-05-07T14:13:51","guid":{"rendered":"http:\/\/www.grundeinkommen-ist-waehlbar.de\/2017\/?p=603"},"modified":"2017-05-07T16:13:51","modified_gmt":"2017-05-07T14:13:51","slug":"rainer-schaefer","status":"publish","type":"post","link":"https:\/\/www.grundeinkommen-ist-waehlbar.de\/2017-nrw\/rainer-schaefer\/","title":{"rendered":"Rainer Sch\u00e4fer"},"content":{"rendered":"<p><img loading=\"lazy\" decoding=\"async\" class=\"alignnone wp-image-604\" src=\"http:\/\/www.grundeinkommen-ist-waehlbar.de\/nrw2017\/wp-content\/uploads\/sites\/2\/2017\/05\/Rainer4.jpg\" alt=\"\" width=\"150\" height=\"214\" \/><\/p>\n<p>KandidatIn-Typ: ListenkandidatIn<\/p>\n<p>Wahlkreis: NRW<\/p>\n<p>Partei: Die Violetten<\/p>\n<p>Pers\u00f6nliches Statement:<br \/>\nGrundeinkommen ist ein Menschenrecht:<br \/>\nEin Mensch, der kein Einkommen hat, kann nicht existieren und an keinen gesellschaftlichen Aufgaben teilnehmen. Fr\u00fcher in der Selbstversorgung brauchte man Land, das man bestellen konnte, um sich von der Ernte zu ern\u00e4hren. Heute ist das anders. Das Land ist verteilt und wir arbeiten zu 98 Prozent f\u00fcr andere, in der Fremdversorgung. Durch hochspezialisierte Arbeitsteilung werden unsere Bed\u00fcrfnisse heute durch andere und durch die Leistung von Menschen und Dienstleistungen versorgt, damit wir leben k\u00f6nnen. Das Recht auf ein Grundeinkommen f\u00fcr alle ist nichts anderes als das Recht  auf Leben. Denn erst mit einem Einkommen sind wir heute in der Lage zu leben und f\u00fcr die Gesellschaft t\u00e4tig zu werden.<\/p>\n<p>Zur Person:<br \/>\nIch bin am 24.01.1956 in D\u00fcsseldorf geboren und vor 13 Jahren nach Oberhausen gezogen. Ich bin Vegetarier sowie Mitglied der evangelischen Kirche und bei Verdi.<br \/>\nF\u00fcnf Jahre war ich aktiv als Gruppenleiter bei den Deutschen Pfadfindern DPSG. Drei Jahre war ich in einer B\u00fcrgerinitiative, Aktion Jugendzentrum Lintorf, deren Ziel es war, ein Jugendzentrum in Ratingen Lintorf aufzubauen. Das Ziel wurde auch erreicht.<br \/>\nNach meiner Fachhochschulreife habe ich zehn Semster BWL in der Uni D\u00fcsseldorf studiert und ein Semester Soziologie an der Fachhochschule Duisburg.<br \/>\nNach sieben Jahren T\u00e4tigkeit als Sachbearbeiter beim Gerling-Konzern habe ich den Versicherungsfachwirt IHK gemacht und zehn Jahre selbstst\u00e4ndig als Generalagent im Au\u00dfendienst bei der Deutschen Beamtenversicherung gearbeitet.<br \/>\nSeit 1996 habe ich einen Berufswechsel vollzogen und arbeite \u00fcberwiegend im Gartenbau, Pflege und Gestaltung von Kleing\u00e4rten f\u00fcr Ein- und Mehrfamilienh\u00e4user.<br \/>\nSeit 2008 bin ich verheiratet. Mitglied bei der Partei die Violetten bin ich seit 2009 und wurde 2015 in den Bundesvorstand der Violetten zum Bundessekret\u00e4r gew\u00e4hlt<\/p>\n<p>Website: <a href=\"https:\/\/www.fFacebook.com\/Rainer-Sch%C3%A4fer-224284184398737\/?fref=ts\" target=\"_blank\" rel=\"noopener noreferrer\">https:\/\/www.fFacebook.com\/Rainer-Sch%C3%A4fer-224284184398737\/?fref=ts<\/a><\/p>\n","protected":false},"excerpt":{"rendered":"<p>KandidatIn-Typ: ListenkandidatIn Wahlkreis: NRW Partei: Die Violetten Pers\u00f6nliches Statement: Grundeinkommen ist ein Menschenrecht: Ein Mensch, der kein Einkommen hat, kann nicht existieren und an keinen gesellschaftlichen Aufgaben teilnehmen. Fr\u00fcher in der Selbstversorgung brauchte man Land, das man bestellen konnte, um sich von der Ernte zu ern\u00e4hren. Heute ist das anders. Das Land ist verteilt und &hellip; <\/p>\n<p class=\"link-more\"><a href=\"https:\/\/www.grundeinkommen-ist-waehlbar.de\/2017-nrw\/rainer-schaefer\/\" class=\"more-link\"><span class=\"screen-reader-text\">\u201eRainer Sch\u00e4fer\u201c <\/span>weiterlesen<\/a><\/p>\n","protected":false},"author":1,"featured_media":0,"comment_status":"closed","ping_status":"open","sticky":false,"template":"","format":"standard","meta":{"footnotes":""},"categories":[13,14],"tags":[],"class_list":["post-603","post","type-post","status-publish","format-standard","hentry","category-die-violetten","category-direktkandidatinnen"],"_links":{"self":[{"href":"https:\/\/www.grundeinkommen-ist-waehlbar.de\/2017-nrw\/wp-json\/wp\/v2\/posts\/603","targetHints":{"allow":["GET"]}}],"collection":[{"href":"https:\/\/www.grundeinkommen-ist-waehlbar.de\/2017-nrw\/wp-json\/wp\/v2\/posts"}],"about":[{"href":"https:\/\/www.grundeinkommen-ist-waehlbar.de\/2017-nrw\/wp-json\/wp\/v2\/types\/post"}],"author":[{"embeddable":true,"href":"https:\/\/www.grundeinkommen-ist-waehlbar.de\/2017-nrw\/wp-json\/wp\/v2\/users\/1"}],"replies":[{"embeddable":true,"href":"https:\/\/www.grundeinkommen-ist-waehlbar.de\/2017-nrw\/wp-json\/wp\/v2\/comments?post=603"}],"version-history":[{"count":0,"href":"https:\/\/www.grundeinkommen-ist-waehlbar.de\/2017-nrw\/wp-json\/wp\/v2\/posts\/603\/revisions"}],"wp:attachment":[{"href":"https:\/\/www.grundeinkommen-ist-waehlbar.de\/2017-nrw\/wp-json\/wp\/v2\/media?parent=603"}],"wp:term":[{"taxonomy":"category","embeddable":true,"href":"https:\/\/www.grundeinkommen-ist-waehlbar.de\/2017-nrw\/wp-json\/wp\/v2\/categories?post=603"},{"taxonomy":"post_tag","embeddable":true,"href":"https:\/\/www.grundeinkommen-ist-waehlbar.de\/2017-nrw\/wp-json\/wp\/v2\/tags?post=603"}],"curies":[{"name":"wp","href":"https:\/\/api.w.org\/{rel}","templated":true}]}}