{"id":611,"date":"2017-05-07T17:43:00","date_gmt":"2017-05-07T15:43:00","guid":{"rendered":"http:\/\/www.grundeinkommen-ist-waehlbar.de\/2017\/?p=611"},"modified":"2017-05-07T17:43:00","modified_gmt":"2017-05-07T15:43:00","slug":"lasse-paetz","status":"publish","type":"post","link":"https:\/\/www.grundeinkommen-ist-waehlbar.de\/2017-nrw\/lasse-paetz\/","title":{"rendered":"Lasse Paetz"},"content":{"rendered":"<p><img loading=\"lazy\" decoding=\"async\" class=\"alignnone wp-image-612\" src=\"http:\/\/www.grundeinkommen-ist-waehlbar.de\/nrw2017\/wp-content\/uploads\/sites\/2\/2017\/05\/lasse_paetz_klein-240x300.jpg\" alt=\"\" width=\"150\" height=\"188\" srcset=\"https:\/\/www.grundeinkommen-ist-waehlbar.de\/2017-nrw\/wp-content\/uploads\/sites\/2\/2017\/05\/lasse_paetz_klein-240x300.jpg 240w, https:\/\/www.grundeinkommen-ist-waehlbar.de\/2017-nrw\/wp-content\/uploads\/sites\/2\/2017\/05\/lasse_paetz_klein-768x960.jpg 768w, https:\/\/www.grundeinkommen-ist-waehlbar.de\/2017-nrw\/wp-content\/uploads\/sites\/2\/2017\/05\/lasse_paetz_klein-819x1024.jpg 819w, https:\/\/www.grundeinkommen-ist-waehlbar.de\/2017-nrw\/wp-content\/uploads\/sites\/2\/2017\/05\/lasse_paetz_klein.jpg 1004w\" sizes=\"auto, (max-width: 150px) 100vw, 150px\" \/><\/p>\n<p>Pers\u00f6nliches Statement:<\/p>\n<p>Ein Grundeinkommen kann das wichtigste Mittel sein, um die Position von Menschen in prek\u00e4ren Einkommensverh\u00e4ltnissen wieder zu st\u00e4rken. So kann es die Basis bilden, um den gesellschaftlichen Problemen unserer Zeit &#8211; soziale Ungleichheit, Populismus, der Rechtsruck in Europa und das systemische Demokratiedefizit &#8211; entgegenzuwirken.<\/p>\n<p>Zur Person:<\/p>\n<p>Ich habe einen Master in Mathematik und langj\u00e4hrige Erfahrung in der Bildungsarbeit mit Jugendlichen aus strukturschwachen Stadtteilen. Derzeit mache ich einen zweiten Master in Philosophie, Politik und \u00d6konomik an der renommierten Universit\u00e4t Witten \/ Herdecke. Nebenbei gebe ich als Referent bei Care International Fortbildungen f\u00fcr Lehrkr\u00e4fte zum Thema Integration und interkulturelle Kompetenzen insbesondere in Klassen mit Gefl\u00fcchteten.<\/p>\n<p>Meine Webseite:<\/p>\n<p><a href=\"http:\/\/www.bildungsfestival.org\">www.bildungsfestival.org<\/a><\/p>\n<p><a href=\"http:\/\/kandidatencheck.wdr.de\/kandidatencheck\/?name=paetz\" target=\"_blank\" rel=\"noopener noreferrer\">WDR-Kandidatencheck<\/a><\/p>\n","protected":false},"excerpt":{"rendered":"<p>Pers\u00f6nliches Statement: Ein Grundeinkommen kann das wichtigste Mittel sein, um die Position von Menschen in prek\u00e4ren Einkommensverh\u00e4ltnissen wieder zu st\u00e4rken. So kann es die Basis bilden, um den gesellschaftlichen Problemen unserer Zeit &#8211; soziale Ungleichheit, Populismus, der Rechtsruck in Europa und das systemische Demokratiedefizit &#8211; entgegenzuwirken. Zur Person: Ich habe einen Master in Mathematik und &hellip; <\/p>\n<p class=\"link-more\"><a href=\"https:\/\/www.grundeinkommen-ist-waehlbar.de\/2017-nrw\/lasse-paetz\/\" class=\"more-link\"><span class=\"screen-reader-text\">\u201eLasse Paetz\u201c <\/span>weiterlesen<\/a><\/p>\n","protected":false},"author":5,"featured_media":0,"comment_status":"closed","ping_status":"open","sticky":false,"template":"","format":"standard","meta":{"footnotes":""},"categories":[9,14],"tags":[],"class_list":["post-611","post","type-post","status-publish","format-standard","hentry","category-buendnis-grundeinkommen-de","category-direktkandidatinnen"],"_links":{"self":[{"href":"https:\/\/www.grundeinkommen-ist-waehlbar.de\/2017-nrw\/wp-json\/wp\/v2\/posts\/611","targetHints":{"allow":["GET"]}}],"collection":[{"href":"https:\/\/www.grundeinkommen-ist-waehlbar.de\/2017-nrw\/wp-json\/wp\/v2\/posts"}],"about":[{"href":"https:\/\/www.grundeinkommen-ist-waehlbar.de\/2017-nrw\/wp-json\/wp\/v2\/types\/post"}],"author":[{"embeddable":true,"href":"https:\/\/www.grundeinkommen-ist-waehlbar.de\/2017-nrw\/wp-json\/wp\/v2\/users\/5"}],"replies":[{"embeddable":true,"href":"https:\/\/www.grundeinkommen-ist-waehlbar.de\/2017-nrw\/wp-json\/wp\/v2\/comments?post=611"}],"version-history":[{"count":0,"href":"https:\/\/www.grundeinkommen-ist-waehlbar.de\/2017-nrw\/wp-json\/wp\/v2\/posts\/611\/revisions"}],"wp:attachment":[{"href":"https:\/\/www.grundeinkommen-ist-waehlbar.de\/2017-nrw\/wp-json\/wp\/v2\/media?parent=611"}],"wp:term":[{"taxonomy":"category","embeddable":true,"href":"https:\/\/www.grundeinkommen-ist-waehlbar.de\/2017-nrw\/wp-json\/wp\/v2\/categories?post=611"},{"taxonomy":"post_tag","embeddable":true,"href":"https:\/\/www.grundeinkommen-ist-waehlbar.de\/2017-nrw\/wp-json\/wp\/v2\/tags?post=611"}],"curies":[{"name":"wp","href":"https:\/\/api.w.org\/{rel}","templated":true}]}}