{"id":626,"date":"2017-05-07T23:18:11","date_gmt":"2017-05-07T21:18:11","guid":{"rendered":"http:\/\/www.grundeinkommen-ist-waehlbar.de\/2017\/?p=626"},"modified":"2017-05-07T23:18:11","modified_gmt":"2017-05-07T21:18:11","slug":"guido-hinz","status":"publish","type":"post","link":"https:\/\/www.grundeinkommen-ist-waehlbar.de\/2017-nrw\/guido-hinz\/","title":{"rendered":"Guido Hinz"},"content":{"rendered":"<p><img loading=\"lazy\" decoding=\"async\" class=\"alignnone wp-image-627\" src=\"http:\/\/www.grundeinkommen-ist-waehlbar.de\/nrw2017\/wp-content\/uploads\/sites\/2\/2017\/05\/guido_hinz_2017-04_web-200x300.jpg\" alt=\"\" width=\"150\" height=\"225\" srcset=\"https:\/\/www.grundeinkommen-ist-waehlbar.de\/2017-nrw\/wp-content\/uploads\/sites\/2\/2017\/05\/guido_hinz_2017-04_web-200x300.jpg 200w, https:\/\/www.grundeinkommen-ist-waehlbar.de\/2017-nrw\/wp-content\/uploads\/sites\/2\/2017\/05\/guido_hinz_2017-04_web.jpg 600w\" sizes=\"auto, (max-width: 150px) 100vw, 150px\" \/><\/p>\n<p>Pers\u00f6nliches Statement:<br \/>\nIch verspreche mir vom BGE, dass es allen, die im famili\u00e4ren und sozialen Bereich unentgeltlich arbeiten, eine existenzielle Absicherung gibt und mehr Wertsch\u00e4tzung. Allen, die zus\u00e4tzlich einer Erwerbsarbeit nachgehen, wird es mehr Unabh\u00e4ngigkeit bringen und damit eine st\u00e4rkere Verhandlungsposition gegen\u00fcber Arbeitgebern. Die Folge sind menschenw\u00fcrdigere Arbeitsbedingungen und insgesamt angemessenere L\u00f6hne bei den bisher schlecht bezahlten Arbeiten. Au\u00dferdem er\u00f6ffnen sich f\u00fcr alle bessere Chancen auf Bildung und berufliche Neuorientierung. Diese Effekte f\u00fchren zu mehr Zusammenhalt und Frieden in unserer Gesellschaft und setzen Kreativit\u00e4t frei. Davon werden wir k\u00fcnftig viel brauchen!<\/p>\n<p>Zur Person:<br \/>\nIch bin 50 Jahre alt, verheiratet, zwei T\u00f6chtern im Alter von 17 und 15 Jahren und wohne seit 2001 in Aachen. Meinen Lebensunterhalt verdiene ich als Lehrer f\u00fcr Evangelische Religionslehre, Physik und Informatik in Teilzeit. Ehrenamtlich arbeite ich vor allem f\u00fcr Entwicklungshilfe (Partnerschaft mit zwei sozialen Projekten in Brasilien), als Pr\u00e4dikant in der Evangelischen Kirche und als Integrationshelfer f\u00fcr Fl\u00fcchtlinge aus Eritrea. Au\u00dferdem setze ich mich f\u00fcr freie Software ein und  f\u00fcr ein Leben mit bescheidenem \u00f6kologischen Fu\u00dfabdruck.<\/p>\n<p>Website: <a href=\"http:\/\/www.oedp-aachen.de\" target=\"_blank\" rel=\"noopener noreferrer\">http:\/\/www.oedp-aachen.de<\/a><\/p>\n","protected":false},"excerpt":{"rendered":"<p>Pers\u00f6nliches Statement: Ich verspreche mir vom BGE, dass es allen, die im famili\u00e4ren und sozialen Bereich unentgeltlich arbeiten, eine existenzielle Absicherung gibt und mehr Wertsch\u00e4tzung. Allen, die zus\u00e4tzlich einer Erwerbsarbeit nachgehen, wird es mehr Unabh\u00e4ngigkeit bringen und damit eine st\u00e4rkere Verhandlungsposition gegen\u00fcber Arbeitgebern. Die Folge sind menschenw\u00fcrdigere Arbeitsbedingungen und insgesamt angemessenere L\u00f6hne bei den bisher &hellip; <\/p>\n<p class=\"link-more\"><a href=\"https:\/\/www.grundeinkommen-ist-waehlbar.de\/2017-nrw\/guido-hinz\/\" class=\"more-link\"><span class=\"screen-reader-text\">\u201eGuido Hinz\u201c <\/span>weiterlesen<\/a><\/p>\n","protected":false},"author":1,"featured_media":0,"comment_status":"closed","ping_status":"open","sticky":false,"template":"","format":"standard","meta":{"footnotes":""},"categories":[15,18],"tags":[],"class_list":["post-626","post","type-post","status-publish","format-standard","hentry","category-oedp","category-wahlkreis-003-aachen-iii"],"_links":{"self":[{"href":"https:\/\/www.grundeinkommen-ist-waehlbar.de\/2017-nrw\/wp-json\/wp\/v2\/posts\/626","targetHints":{"allow":["GET"]}}],"collection":[{"href":"https:\/\/www.grundeinkommen-ist-waehlbar.de\/2017-nrw\/wp-json\/wp\/v2\/posts"}],"about":[{"href":"https:\/\/www.grundeinkommen-ist-waehlbar.de\/2017-nrw\/wp-json\/wp\/v2\/types\/post"}],"author":[{"embeddable":true,"href":"https:\/\/www.grundeinkommen-ist-waehlbar.de\/2017-nrw\/wp-json\/wp\/v2\/users\/1"}],"replies":[{"embeddable":true,"href":"https:\/\/www.grundeinkommen-ist-waehlbar.de\/2017-nrw\/wp-json\/wp\/v2\/comments?post=626"}],"version-history":[{"count":0,"href":"https:\/\/www.grundeinkommen-ist-waehlbar.de\/2017-nrw\/wp-json\/wp\/v2\/posts\/626\/revisions"}],"wp:attachment":[{"href":"https:\/\/www.grundeinkommen-ist-waehlbar.de\/2017-nrw\/wp-json\/wp\/v2\/media?parent=626"}],"wp:term":[{"taxonomy":"category","embeddable":true,"href":"https:\/\/www.grundeinkommen-ist-waehlbar.de\/2017-nrw\/wp-json\/wp\/v2\/categories?post=626"},{"taxonomy":"post_tag","embeddable":true,"href":"https:\/\/www.grundeinkommen-ist-waehlbar.de\/2017-nrw\/wp-json\/wp\/v2\/tags?post=626"}],"curies":[{"name":"wp","href":"https:\/\/api.w.org\/{rel}","templated":true}]}}