{"id":645,"date":"2017-05-08T12:27:13","date_gmt":"2017-05-08T10:27:13","guid":{"rendered":"http:\/\/www.grundeinkommen-ist-waehlbar.de\/2017\/?p=645"},"modified":"2017-05-08T12:27:13","modified_gmt":"2017-05-08T10:27:13","slug":"christian-specht","status":"publish","type":"post","link":"https:\/\/www.grundeinkommen-ist-waehlbar.de\/2017-nrw\/christian-specht\/","title":{"rendered":"Christian Specht"},"content":{"rendered":"<p><img loading=\"lazy\" decoding=\"async\" class=\"alignnone wp-image-646\" src=\"http:\/\/www.grundeinkommen-ist-waehlbar.de\/nrw2017\/wp-content\/uploads\/sites\/2\/2017\/05\/Christian-Specht-199x300.jpg\" alt=\"\" width=\"150\" height=\"226\" srcset=\"https:\/\/www.grundeinkommen-ist-waehlbar.de\/2017-nrw\/wp-content\/uploads\/sites\/2\/2017\/05\/Christian-Specht-199x300.jpg 199w, https:\/\/www.grundeinkommen-ist-waehlbar.de\/2017-nrw\/wp-content\/uploads\/sites\/2\/2017\/05\/Christian-Specht-768x1160.jpg 768w, https:\/\/www.grundeinkommen-ist-waehlbar.de\/2017-nrw\/wp-content\/uploads\/sites\/2\/2017\/05\/Christian-Specht-678x1024.jpg 678w, https:\/\/www.grundeinkommen-ist-waehlbar.de\/2017-nrw\/wp-content\/uploads\/sites\/2\/2017\/05\/Christian-Specht.jpg 1632w\" sizes=\"auto, (max-width: 150px) 100vw, 150px\" \/><\/p>\n<p>Pers\u00f6nliches Statement:<\/p>\n<p>Ein bedingungsloses Grundeinkommen ist richtig, wichtig, n\u00f6tig und logische Konsequenz eines dem Fortschritt zugewandten sozialen Staates.<\/p>\n<p>Zur Person:<\/p>\n<p>Alter: 40 Jahre<br \/>\nFamilienstand: ledig, keine Kinder<br \/>\nErlernter Beruf: Buchh\u00e4ndler<br \/>\nAktuell Mitarbeiter der Ratsgruppe &#8222;B\u00fcrger f\u00fcr Hohenlimburg \/ Piraten Hagen&#8220; im Hagener Stadtrat und f\u00fcr diese Ratsgruppe ordentliches Mitglied im Ausschuss f\u00fcr Kultur- und Weiterbildung und stellvertretendes Mitglied im Schul- und imSozialauschuss.<\/p>\n","protected":false},"excerpt":{"rendered":"<p>Pers\u00f6nliches Statement: Ein bedingungsloses Grundeinkommen ist richtig, wichtig, n\u00f6tig und logische Konsequenz eines dem Fortschritt zugewandten sozialen Staates. Zur Person: Alter: 40 Jahre Familienstand: ledig, keine Kinder Erlernter Beruf: Buchh\u00e4ndler Aktuell Mitarbeiter der Ratsgruppe &#8222;B\u00fcrger f\u00fcr Hohenlimburg \/ Piraten Hagen&#8220; im Hagener Stadtrat und f\u00fcr diese Ratsgruppe ordentliches Mitglied im Ausschuss f\u00fcr Kultur- und Weiterbildung &hellip; <\/p>\n<p class=\"link-more\"><a href=\"https:\/\/www.grundeinkommen-ist-waehlbar.de\/2017-nrw\/christian-specht\/\" class=\"more-link\"><span class=\"screen-reader-text\">\u201eChristian Specht\u201c <\/span>weiterlesen<\/a><\/p>\n","protected":false},"author":5,"featured_media":0,"comment_status":"closed","ping_status":"open","sticky":false,"template":"","format":"standard","meta":{"footnotes":""},"categories":[4,119],"tags":[],"class_list":["post-645","post","type-post","status-publish","format-standard","hentry","category-piratenpartei","category-wahlkreis-104-hagen-ii-ennepe-ruhr-kreis-iii"],"_links":{"self":[{"href":"https:\/\/www.grundeinkommen-ist-waehlbar.de\/2017-nrw\/wp-json\/wp\/v2\/posts\/645","targetHints":{"allow":["GET"]}}],"collection":[{"href":"https:\/\/www.grundeinkommen-ist-waehlbar.de\/2017-nrw\/wp-json\/wp\/v2\/posts"}],"about":[{"href":"https:\/\/www.grundeinkommen-ist-waehlbar.de\/2017-nrw\/wp-json\/wp\/v2\/types\/post"}],"author":[{"embeddable":true,"href":"https:\/\/www.grundeinkommen-ist-waehlbar.de\/2017-nrw\/wp-json\/wp\/v2\/users\/5"}],"replies":[{"embeddable":true,"href":"https:\/\/www.grundeinkommen-ist-waehlbar.de\/2017-nrw\/wp-json\/wp\/v2\/comments?post=645"}],"version-history":[{"count":0,"href":"https:\/\/www.grundeinkommen-ist-waehlbar.de\/2017-nrw\/wp-json\/wp\/v2\/posts\/645\/revisions"}],"wp:attachment":[{"href":"https:\/\/www.grundeinkommen-ist-waehlbar.de\/2017-nrw\/wp-json\/wp\/v2\/media?parent=645"}],"wp:term":[{"taxonomy":"category","embeddable":true,"href":"https:\/\/www.grundeinkommen-ist-waehlbar.de\/2017-nrw\/wp-json\/wp\/v2\/categories?post=645"},{"taxonomy":"post_tag","embeddable":true,"href":"https:\/\/www.grundeinkommen-ist-waehlbar.de\/2017-nrw\/wp-json\/wp\/v2\/tags?post=645"}],"curies":[{"name":"wp","href":"https:\/\/api.w.org\/{rel}","templated":true}]}}