{"id":683,"date":"2017-05-09T11:45:32","date_gmt":"2017-05-09T09:45:32","guid":{"rendered":"http:\/\/www.grundeinkommen-ist-waehlbar.de\/2017\/?p=683"},"modified":"2017-05-09T11:45:32","modified_gmt":"2017-05-09T09:45:32","slug":"guido-mosler","status":"publish","type":"post","link":"https:\/\/www.grundeinkommen-ist-waehlbar.de\/2017-nrw\/guido-mosler\/","title":{"rendered":"Guido Mosler"},"content":{"rendered":"<p><img loading=\"lazy\" decoding=\"async\" class=\"alignnone wp-image-684\" src=\"http:\/\/www.grundeinkommen-ist-waehlbar.de\/nrw2017\/wp-content\/uploads\/sites\/2\/2017\/05\/Guido-Mosler-284x300.jpg\" alt=\"\" width=\"150\" height=\"158\" srcset=\"https:\/\/www.grundeinkommen-ist-waehlbar.de\/2017-nrw\/wp-content\/uploads\/sites\/2\/2017\/05\/Guido-Mosler-284x300.jpg 284w, https:\/\/www.grundeinkommen-ist-waehlbar.de\/2017-nrw\/wp-content\/uploads\/sites\/2\/2017\/05\/Guido-Mosler-768x811.jpg 768w, https:\/\/www.grundeinkommen-ist-waehlbar.de\/2017-nrw\/wp-content\/uploads\/sites\/2\/2017\/05\/Guido-Mosler.jpg 852w\" sizes=\"auto, (max-width: 150px) 100vw, 150px\" \/><\/p>\n<p>Pers\u00f6nliches Statement:<\/p>\n<p>Das Grundeinkommen ist der vern\u00fcnftige Hebel, um die steigenden sozialen Probleme unserer Zeit zu l\u00f6sen. Wir brauchen jetzt eine breite gesellschaftliche Diskussion \u00fcber die Einf\u00fchrung, damit kommende Generationen noch ein Auskommen haben. In einer bald vollst\u00e4ndig digitalisierten und vernetzten Welt sorgt das Grundeinkommen daf\u00fcr, dass der Mensch seine W\u00fcrde beh\u00e4lt.<\/p>\n<p>Zur Person:<\/p>\n<p>Ich bin 50 Jahre alt, wohne in K\u00f6ln und arbeite u.a. als Biologe. Seit \u00fcber 10 Jahren besch\u00e4ftige ich mich mit dem Grundeinkommen.<\/p>\n<p>Meine Webseite:<\/p>\n<p><a href=\"https:\/\/nrw.buendnis-grundeinkommen.de\/\">buendnis-grundeinkommen.nrw<\/a><\/p>\n<p><a href=\"http:\/\/kandidatencheck.wdr.de\/kandidatencheck\/?alter=18_99&amp;name=Mosler&amp;nurLandesliste=nein\"><br \/>\nkandidatencheck.wdr<\/a><\/p>\n","protected":false},"excerpt":{"rendered":"<p>Pers\u00f6nliches Statement: Das Grundeinkommen ist der vern\u00fcnftige Hebel, um die steigenden sozialen Probleme unserer Zeit zu l\u00f6sen. Wir brauchen jetzt eine breite gesellschaftliche Diskussion \u00fcber die Einf\u00fchrung, damit kommende Generationen noch ein Auskommen haben. In einer bald vollst\u00e4ndig digitalisierten und vernetzten Welt sorgt das Grundeinkommen daf\u00fcr, dass der Mensch seine W\u00fcrde beh\u00e4lt. Zur Person: Ich &hellip; <\/p>\n<p class=\"link-more\"><a href=\"https:\/\/www.grundeinkommen-ist-waehlbar.de\/2017-nrw\/guido-mosler\/\" class=\"more-link\"><span class=\"screen-reader-text\">\u201eGuido Mosler\u201c <\/span>weiterlesen<\/a><\/p>\n","protected":false},"author":5,"featured_media":0,"comment_status":"closed","ping_status":"open","sticky":false,"template":"","format":"standard","meta":{"footnotes":""},"categories":[9,14],"tags":[],"class_list":["post-683","post","type-post","status-publish","format-standard","hentry","category-buendnis-grundeinkommen-de","category-direktkandidatinnen"],"_links":{"self":[{"href":"https:\/\/www.grundeinkommen-ist-waehlbar.de\/2017-nrw\/wp-json\/wp\/v2\/posts\/683","targetHints":{"allow":["GET"]}}],"collection":[{"href":"https:\/\/www.grundeinkommen-ist-waehlbar.de\/2017-nrw\/wp-json\/wp\/v2\/posts"}],"about":[{"href":"https:\/\/www.grundeinkommen-ist-waehlbar.de\/2017-nrw\/wp-json\/wp\/v2\/types\/post"}],"author":[{"embeddable":true,"href":"https:\/\/www.grundeinkommen-ist-waehlbar.de\/2017-nrw\/wp-json\/wp\/v2\/users\/5"}],"replies":[{"embeddable":true,"href":"https:\/\/www.grundeinkommen-ist-waehlbar.de\/2017-nrw\/wp-json\/wp\/v2\/comments?post=683"}],"version-history":[{"count":0,"href":"https:\/\/www.grundeinkommen-ist-waehlbar.de\/2017-nrw\/wp-json\/wp\/v2\/posts\/683\/revisions"}],"wp:attachment":[{"href":"https:\/\/www.grundeinkommen-ist-waehlbar.de\/2017-nrw\/wp-json\/wp\/v2\/media?parent=683"}],"wp:term":[{"taxonomy":"category","embeddable":true,"href":"https:\/\/www.grundeinkommen-ist-waehlbar.de\/2017-nrw\/wp-json\/wp\/v2\/categories?post=683"},{"taxonomy":"post_tag","embeddable":true,"href":"https:\/\/www.grundeinkommen-ist-waehlbar.de\/2017-nrw\/wp-json\/wp\/v2\/tags?post=683"}],"curies":[{"name":"wp","href":"https:\/\/api.w.org\/{rel}","templated":true}]}}