{"id":690,"date":"2017-05-09T12:48:31","date_gmt":"2017-05-09T10:48:31","guid":{"rendered":"http:\/\/www.grundeinkommen-ist-waehlbar.de\/2017\/?p=690"},"modified":"2020-01-17T18:44:56","modified_gmt":"2020-01-17T17:44:56","slug":"melda-hund","status":"publish","type":"post","link":"https:\/\/www.grundeinkommen-ist-waehlbar.de\/2017-nrw\/melda-hund\/","title":{"rendered":"Melda Hund"},"content":{"rendered":"<p><span class=\"im\"><img loading=\"lazy\" decoding=\"async\" class=\"alignnone wp-image-691\" src=\"http:\/\/www.grundeinkommen-ist-waehlbar.de\/nrw2017\/wp-content\/uploads\/sites\/2\/2017\/05\/Kandidatin-212x300.jpg\" alt=\"\" width=\"150\" height=\"213\" srcset=\"https:\/\/www.grundeinkommen-ist-waehlbar.de\/2017-nrw\/wp-content\/uploads\/sites\/2\/2017\/05\/Kandidatin-212x300.jpg 212w, https:\/\/www.grundeinkommen-ist-waehlbar.de\/2017-nrw\/wp-content\/uploads\/sites\/2\/2017\/05\/Kandidatin.jpg 722w\" sizes=\"auto, (max-width: 150px) 100vw, 150px\" \/><\/span><\/p>\n<p><span class=\"im\">Pers\u00f6nliches Statement:<br \/>\n<\/span>Wenn ich Menschen treffe und ihnen zum ersten Mal vom Bedingungslosen Grundeinkommen erz\u00e4hle, bediene ich mich dabei oft eines Beispiels.<br \/>\nIch sage: &#8222;Stellen Sie sich mal vor, sie bek\u00e4men ab n\u00e4chstem Monat, jeden Monat, ihr ganzes Leben lang 1.000 \u20ac, wie w\u00e4r das?&#8220;, dann f\u00fcge ich hinzu: &#8222;Die Tausend Euro sind hier nur beispielsweise genannt, Experten sagen, ein existenzsichernder Betrag, der auch ein Leben in W\u00fcrde, Kommunikation und gesellschaftlicher Teilhabe erm\u00f6glichen kann, muss zwischen 500 und 1.500 \u20ac in der heutigen Zeit bemessen sein.&#8220;<br \/>\nDiese beiden S\u00e4tze er\u00f6ffnen mir und meinem Gespr\u00e4chspartner oft ein weites Feld, in dem er seine politischen, gesellschaftlichen und humanistischen Ansichten zum Ausdruck bringen kann. Mir bereitet dieser Informationsaustausch gro\u00dfe Freude und durch viele hunderte Gespr\u00e4che gelangte ich immer mehr zu einem Gesamtbild, welches die N\u00f6te, \u00c4ngste und Sehns\u00fcchte der Menschen spiegelt, die hier vor Ort sind.<\/p>\n<p>Vor einem halben Jahr sagte ich: &#8222;Das bedingunglose Grundeinkommen erregt die Geister&#8220;, und hinter diesem Ausspruch stehe ich bis heute. Menschlichkeit, Zukunft, Politik, M\u00f6glichkeiten und Paradigmenwechsel &#8211; das Grundeinkommen f\u00fchrt uns direkt zur\u00fcck auf die basalen Themen, welche dringend zu thematisieren sind, fernab von der Fortschrittlichkeit einzelner Forschungsgebiete.<br \/>\nEs ist an der Zeit, dass wir alle wieder zu Menschen werden. Dass wir wieder einander schenken und g\u00f6nnen, dass wir wieder unser Leben und unsere Umwelt achten und lieben lernen.<br \/>\nEin bedingungsloses Grundeinkommen schenkt uns die Freiheit, einen Neubeginn zu starten und gleichzeitig die Existenz\u00e4ngste zu \u00fcberwinden, um eine h\u00f6here Stufe der Entwicklung zu erklimmen. Immer. \u00dcberall. Jeder einzelne Mensch.<\/p>\n<p>Zur Person:<br \/>\nIch bin 23 Jahre alt, arbeite als Reinigungskraft, Vision\u00e4rin [Ideengarten auf FB], Politikerin, Aktivistin und Zukunftsforscherin.<\/p>\n<p>Mein Leben f\u00fchre ich einzelg\u00e4ngerisch und wohne im sch\u00f6nen Oberbergischen Kreis. Ich will noch an viele Orte reisen, die Welt kennen lernen. Zur Politik hat mich die Frage gef\u00fchrt: Was ist Politik eigentlich?<br \/>\nZum Aktivismus die Aufgabenstellung mitten in der Identit\u00e4tsfindungsphase: &#8222;Tun Sie etwas, was Ihnen gut tut&#8220;. Also besch\u00e4ftigte ich mit dem Bedingungslosen Grundeinkommen, das tat mir gut. Und kaum auf diesem Weg f\u00fchlte ich mich endlich angekommen, angenommen in meinen Sichtweisen und f\u00e4hig, eine gute, lebenswerte Welt mitzugestalten.<\/p>\n<p>Website: <a href=\"http:\/\/kandidatencheck.wdr.de\/kandidatencheck\/?kandidat=684196&amp;name=melda\" target=\"_blank\" rel=\"noopener noreferrer\">http:\/\/kandidatencheck.wdr.de\/kandidatencheck\/?kandidat=684196&amp;name=melda<\/a><\/p>\n<div class=\"yj6qo ajU\">\n<div id=\":5u\" class=\"ajR\"><img decoding=\"async\" class=\"ajT\" src=\"https:\/\/ssl.gstatic.com\/ui\/v1\/icons\/mail\/images\/cleardot.gif\" \/><\/div>\n<\/div>\n","protected":false},"excerpt":{"rendered":"<p>Pers\u00f6nliches Statement: Wenn ich Menschen treffe und ihnen zum ersten Mal vom Bedingungslosen Grundeinkommen erz\u00e4hle, bediene ich mich dabei oft eines Beispiels. Ich sage: &#8222;Stellen Sie sich mal vor, sie bek\u00e4men ab n\u00e4chstem Monat, jeden Monat, ihr ganzes Leben lang 1.000 \u20ac, wie w\u00e4r das?&#8220;, dann f\u00fcge ich hinzu: &#8222;Die Tausend Euro sind hier nur &hellip; <\/p>\n<p class=\"link-more\"><a href=\"https:\/\/www.grundeinkommen-ist-waehlbar.de\/2017-nrw\/melda-hund\/\" class=\"more-link\"><span class=\"screen-reader-text\">\u201eMelda Hund\u201c <\/span>weiterlesen<\/a><\/p>\n","protected":false},"author":1,"featured_media":0,"comment_status":"closed","ping_status":"open","sticky":false,"template":"","format":"standard","meta":{"footnotes":""},"categories":[9,14],"tags":[],"class_list":["post-690","post","type-post","status-publish","format-standard","hentry","category-buendnis-grundeinkommen-de","category-direktkandidatinnen"],"_links":{"self":[{"href":"https:\/\/www.grundeinkommen-ist-waehlbar.de\/2017-nrw\/wp-json\/wp\/v2\/posts\/690","targetHints":{"allow":["GET"]}}],"collection":[{"href":"https:\/\/www.grundeinkommen-ist-waehlbar.de\/2017-nrw\/wp-json\/wp\/v2\/posts"}],"about":[{"href":"https:\/\/www.grundeinkommen-ist-waehlbar.de\/2017-nrw\/wp-json\/wp\/v2\/types\/post"}],"author":[{"embeddable":true,"href":"https:\/\/www.grundeinkommen-ist-waehlbar.de\/2017-nrw\/wp-json\/wp\/v2\/users\/1"}],"replies":[{"embeddable":true,"href":"https:\/\/www.grundeinkommen-ist-waehlbar.de\/2017-nrw\/wp-json\/wp\/v2\/comments?post=690"}],"version-history":[{"count":1,"href":"https:\/\/www.grundeinkommen-ist-waehlbar.de\/2017-nrw\/wp-json\/wp\/v2\/posts\/690\/revisions"}],"predecessor-version":[{"id":868,"href":"https:\/\/www.grundeinkommen-ist-waehlbar.de\/2017-nrw\/wp-json\/wp\/v2\/posts\/690\/revisions\/868"}],"wp:attachment":[{"href":"https:\/\/www.grundeinkommen-ist-waehlbar.de\/2017-nrw\/wp-json\/wp\/v2\/media?parent=690"}],"wp:term":[{"taxonomy":"category","embeddable":true,"href":"https:\/\/www.grundeinkommen-ist-waehlbar.de\/2017-nrw\/wp-json\/wp\/v2\/categories?post=690"},{"taxonomy":"post_tag","embeddable":true,"href":"https:\/\/www.grundeinkommen-ist-waehlbar.de\/2017-nrw\/wp-json\/wp\/v2\/tags?post=690"}],"curies":[{"name":"wp","href":"https:\/\/api.w.org\/{rel}","templated":true}]}}