{"id":703,"date":"2017-05-09T20:07:58","date_gmt":"2017-05-09T18:07:58","guid":{"rendered":"http:\/\/www.grundeinkommen-ist-waehlbar.de\/2017\/?p=703"},"modified":"2017-05-09T20:07:58","modified_gmt":"2017-05-09T18:07:58","slug":"ralf-michalowsky","status":"publish","type":"post","link":"https:\/\/www.grundeinkommen-ist-waehlbar.de\/2017-nrw\/ralf-michalowsky\/","title":{"rendered":"Ralf Michalowsky"},"content":{"rendered":"<p><img loading=\"lazy\" decoding=\"async\" class=\"alignnone wp-image-708\" src=\"http:\/\/www.grundeinkommen-ist-waehlbar.de\/nrw2017\/wp-content\/uploads\/sites\/2\/2017\/05\/ralf-michalowsky-300x300.jpg\" alt=\"\" width=\"150\" height=\"150\" srcset=\"https:\/\/www.grundeinkommen-ist-waehlbar.de\/2017-nrw\/wp-content\/uploads\/sites\/2\/2017\/05\/ralf-michalowsky-300x300.jpg 300w, https:\/\/www.grundeinkommen-ist-waehlbar.de\/2017-nrw\/wp-content\/uploads\/sites\/2\/2017\/05\/ralf-michalowsky-150x150.jpg 150w, https:\/\/www.grundeinkommen-ist-waehlbar.de\/2017-nrw\/wp-content\/uploads\/sites\/2\/2017\/05\/ralf-michalowsky-100x100.jpg 100w, https:\/\/www.grundeinkommen-ist-waehlbar.de\/2017-nrw\/wp-content\/uploads\/sites\/2\/2017\/05\/ralf-michalowsky.jpg 498w\" sizes=\"auto, (max-width: 150px) 100vw, 150px\" \/><\/p>\n<p>Pers\u00f6nliches Statement:<\/p>\n<div>Wir sollten uns genau \u00fcberlegen, wie wir den Menschen schnell und wirklich helfen k\u00f6nnen. Dabei m\u00fcssen wir auch mit innerparteilichen \u201eTabus\u201c brechen.<\/div>\n<div>Dass wir uns seit vielen Jahren vor einer fortschrittlichen Positionierung zum Grundeinkommen herumdr\u00fccken, geh\u00f6rt dazu. Ich bin seit mehr als 40 Jahren Gewerkschaftsmitglied, kann mich aber den Ansichten der Funktion\u00e4re nicht anschlie\u00dfen, die das \u201eBedingungslose Grundeinkommen\u201c (BGE) verteufeln. Da muss DIE LINKE voran kommen. Unter anderen mit mir.<\/div>\n<div><\/div>\n<div><\/div>\n<p>&nbsp;<\/p>\n<p>Zur Person:<\/p>\n<p>Siehe meine Homepage.<\/p>\n<p>Website: <a href=\"http:\/\/www.michalowsky.de\" target=\"_blank\" rel=\"noopener noreferrer\">www.michalowsky.de<\/a><\/p>\n","protected":false},"excerpt":{"rendered":"<p>Pers\u00f6nliches Statement: Wir sollten uns genau \u00fcberlegen, wie wir den Menschen schnell und wirklich helfen k\u00f6nnen. Dabei m\u00fcssen wir auch mit innerparteilichen \u201eTabus\u201c brechen. Dass wir uns seit vielen Jahren vor einer fortschrittlichen Positionierung zum Grundeinkommen herumdr\u00fccken, geh\u00f6rt dazu. Ich bin seit mehr als 40 Jahren Gewerkschaftsmitglied, kann mich aber den Ansichten der Funktion\u00e4re nicht &hellip; <\/p>\n<p class=\"link-more\"><a href=\"https:\/\/www.grundeinkommen-ist-waehlbar.de\/2017-nrw\/ralf-michalowsky\/\" class=\"more-link\"><span class=\"screen-reader-text\">\u201eRalf Michalowsky\u201c <\/span>weiterlesen<\/a><\/p>\n","protected":false},"author":1,"featured_media":0,"comment_status":"closed","ping_status":"open","sticky":false,"template":"","format":"standard","meta":{"footnotes":""},"categories":[12,86],"tags":[],"class_list":["post-703","post","type-post","status-publish","format-standard","hentry","category-die-linke","category-wahlkreis-071-recklinghausen-iii"],"_links":{"self":[{"href":"https:\/\/www.grundeinkommen-ist-waehlbar.de\/2017-nrw\/wp-json\/wp\/v2\/posts\/703","targetHints":{"allow":["GET"]}}],"collection":[{"href":"https:\/\/www.grundeinkommen-ist-waehlbar.de\/2017-nrw\/wp-json\/wp\/v2\/posts"}],"about":[{"href":"https:\/\/www.grundeinkommen-ist-waehlbar.de\/2017-nrw\/wp-json\/wp\/v2\/types\/post"}],"author":[{"embeddable":true,"href":"https:\/\/www.grundeinkommen-ist-waehlbar.de\/2017-nrw\/wp-json\/wp\/v2\/users\/1"}],"replies":[{"embeddable":true,"href":"https:\/\/www.grundeinkommen-ist-waehlbar.de\/2017-nrw\/wp-json\/wp\/v2\/comments?post=703"}],"version-history":[{"count":0,"href":"https:\/\/www.grundeinkommen-ist-waehlbar.de\/2017-nrw\/wp-json\/wp\/v2\/posts\/703\/revisions"}],"wp:attachment":[{"href":"https:\/\/www.grundeinkommen-ist-waehlbar.de\/2017-nrw\/wp-json\/wp\/v2\/media?parent=703"}],"wp:term":[{"taxonomy":"category","embeddable":true,"href":"https:\/\/www.grundeinkommen-ist-waehlbar.de\/2017-nrw\/wp-json\/wp\/v2\/categories?post=703"},{"taxonomy":"post_tag","embeddable":true,"href":"https:\/\/www.grundeinkommen-ist-waehlbar.de\/2017-nrw\/wp-json\/wp\/v2\/tags?post=703"}],"curies":[{"name":"wp","href":"https:\/\/api.w.org\/{rel}","templated":true}]}}