{"id":735,"date":"2017-05-10T09:53:41","date_gmt":"2017-05-10T07:53:41","guid":{"rendered":"http:\/\/www.grundeinkommen-ist-waehlbar.de\/2017\/?p=735"},"modified":"2017-05-10T09:53:41","modified_gmt":"2017-05-10T07:53:41","slug":"albert-borchardt","status":"publish","type":"post","link":"https:\/\/www.grundeinkommen-ist-waehlbar.de\/2017-nrw\/albert-borchardt\/","title":{"rendered":"Albert Borchardt"},"content":{"rendered":"<p><img loading=\"lazy\" decoding=\"async\" class=\"alignnone wp-image-736\" src=\"http:\/\/www.grundeinkommen-ist-waehlbar.de\/nrw2017\/wp-content\/uploads\/sites\/2\/2017\/05\/Albert_Borchardt-300x211.jpg\" alt=\"\" width=\"150\" height=\"106\" \/><\/p>\n<p>Pers\u00f6nliches Statement:<br \/>\nMit einem bedingungslosen Grundeinkommen ist ein individuell garantiertes Recht auf ein Einkommen in einer existenz- und teilhabesichernden H\u00f6he gegeben. Die W\u00fcrde des Menschen ist unantastbar, daher sollte es selbstverst\u00e4ndlich sein, an wirtschaftliche, soziale, kulturelle und politische Teilhabe zu partipazieren. Dieses Prinzip schlie\u00dft den Zwang zur Gegenleistung unter Androhung von Repressionen ebenso aus wie die Pflicht, sich vom Einkommen oder Verm\u00f6gen von Familienmitgliedern abh\u00e4ngig zu machen. Ein Grundeinkommen befreit einen von der Stigmatisierung und Diskriminierung, die durch die Bed\u00fcrftigkeitspr\u00fcfungen bei der Grundsicherung entstehen und zu verdeckter Armut f\u00fchren. Es ist die sozial-\u00f6konomische Basis der Freiheit, \u00fcber eigene Lebensentw\u00fcrfe sowie \u00fcber T\u00e4tigkeits- und Teilhabeformen selbst entscheiden zu k\u00f6nnen.<\/p>\n<p>Zur Person:<br \/>\n55 Jahre jung , Bildender K\u00fcnstler<\/p>\n<p>Website: <a href=\"https:\/\/dielinke-aachen.de\/wahl\/albert-borchardt\" target=\"_blank\" rel=\"noopener noreferrer\">https:\/\/dielinke-aachen.de\/wahl\/albert-borchardt<\/a><\/p>\n","protected":false},"excerpt":{"rendered":"<p>Pers\u00f6nliches Statement: Mit einem bedingungslosen Grundeinkommen ist ein individuell garantiertes Recht auf ein Einkommen in einer existenz- und teilhabesichernden H\u00f6he gegeben. Die W\u00fcrde des Menschen ist unantastbar, daher sollte es selbstverst\u00e4ndlich sein, an wirtschaftliche, soziale, kulturelle und politische Teilhabe zu partipazieren. Dieses Prinzip schlie\u00dft den Zwang zur Gegenleistung unter Androhung von Repressionen ebenso aus wie &hellip; <\/p>\n<p class=\"link-more\"><a href=\"https:\/\/www.grundeinkommen-ist-waehlbar.de\/2017-nrw\/albert-borchardt\/\" class=\"more-link\"><span class=\"screen-reader-text\">\u201eAlbert Borchardt\u201c <\/span>weiterlesen<\/a><\/p>\n","protected":false},"author":1,"featured_media":0,"comment_status":"closed","ping_status":"open","sticky":false,"template":"","format":"standard","meta":{"footnotes":""},"categories":[12,19],"tags":[],"class_list":["post-735","post","type-post","status-publish","format-standard","hentry","category-die-linke","category-wahlkreis-004-aachen-iv"],"_links":{"self":[{"href":"https:\/\/www.grundeinkommen-ist-waehlbar.de\/2017-nrw\/wp-json\/wp\/v2\/posts\/735","targetHints":{"allow":["GET"]}}],"collection":[{"href":"https:\/\/www.grundeinkommen-ist-waehlbar.de\/2017-nrw\/wp-json\/wp\/v2\/posts"}],"about":[{"href":"https:\/\/www.grundeinkommen-ist-waehlbar.de\/2017-nrw\/wp-json\/wp\/v2\/types\/post"}],"author":[{"embeddable":true,"href":"https:\/\/www.grundeinkommen-ist-waehlbar.de\/2017-nrw\/wp-json\/wp\/v2\/users\/1"}],"replies":[{"embeddable":true,"href":"https:\/\/www.grundeinkommen-ist-waehlbar.de\/2017-nrw\/wp-json\/wp\/v2\/comments?post=735"}],"version-history":[{"count":0,"href":"https:\/\/www.grundeinkommen-ist-waehlbar.de\/2017-nrw\/wp-json\/wp\/v2\/posts\/735\/revisions"}],"wp:attachment":[{"href":"https:\/\/www.grundeinkommen-ist-waehlbar.de\/2017-nrw\/wp-json\/wp\/v2\/media?parent=735"}],"wp:term":[{"taxonomy":"category","embeddable":true,"href":"https:\/\/www.grundeinkommen-ist-waehlbar.de\/2017-nrw\/wp-json\/wp\/v2\/categories?post=735"},{"taxonomy":"post_tag","embeddable":true,"href":"https:\/\/www.grundeinkommen-ist-waehlbar.de\/2017-nrw\/wp-json\/wp\/v2\/tags?post=735"}],"curies":[{"name":"wp","href":"https:\/\/api.w.org\/{rel}","templated":true}]}}