{"id":744,"date":"2017-05-10T14:17:29","date_gmt":"2017-05-10T12:17:29","guid":{"rendered":"http:\/\/www.grundeinkommen-ist-waehlbar.de\/2017\/?p=744"},"modified":"2017-05-10T14:17:29","modified_gmt":"2017-05-10T12:17:29","slug":"stefan-kuklik","status":"publish","type":"post","link":"https:\/\/www.grundeinkommen-ist-waehlbar.de\/2017-nrw\/stefan-kuklik\/","title":{"rendered":"Stefan Kuklik"},"content":{"rendered":"<p><img loading=\"lazy\" decoding=\"async\" class=\"alignnone wp-image-745\" src=\"http:\/\/www.grundeinkommen-ist-waehlbar.de\/nrw2017\/wp-content\/uploads\/sites\/2\/2017\/05\/Stefan-Kuklik-206x300.jpg\" alt=\"\" width=\"150\" height=\"218\" srcset=\"https:\/\/www.grundeinkommen-ist-waehlbar.de\/2017-nrw\/wp-content\/uploads\/sites\/2\/2017\/05\/Stefan-Kuklik-206x300.jpg 206w, https:\/\/www.grundeinkommen-ist-waehlbar.de\/2017-nrw\/wp-content\/uploads\/sites\/2\/2017\/05\/Stefan-Kuklik-768x1116.jpg 768w, https:\/\/www.grundeinkommen-ist-waehlbar.de\/2017-nrw\/wp-content\/uploads\/sites\/2\/2017\/05\/Stefan-Kuklik-704x1024.jpg 704w\" sizes=\"auto, (max-width: 150px) 100vw, 150px\" \/><\/p>\n<p>Pers\u00f6nliches Statement:<\/p>\n<p>Das Grundeinkommen wir nun bereits seit vielen Jahren diskutiert. Anfangs war es f\u00fcr einige eine spannende Idee oder gar Vision. Viele, ich w\u00fcrde sagen die Mehrheit, haben es damals rundweg abgelehnt. Dies \u00e4ndert sich derzeit deutlich. Viele sehen die Notwendigkeit eines Grundeinkommen, andere halten es schlichtweg f\u00fcr unausweichlich. Ich fand das Konzept von Anfang an zukunftsweisend.<\/p>\n<p>Schlagworte waren damals f\u00fcr mich:<br \/>\n&#8211; Befreiung von den Hartz-IV-Repressalien und somit Achtung der Menschenw\u00fcrde.<br \/>\n&#8211; Pers\u00f6nliche Entfaltung, da niemand mehr &#8222;irgendeiner&#8220; ungeliebten Arbeit nachgehen muss, nur um &#8222;\u00fcberleben&#8220; zu k\u00f6nnen, sondern vielmehr die Chance zu haben, Arbeiten nachzugehen, die f\u00fcr ihn und die Gesellschaft dienlich sind.<br \/>\n&#8211; St\u00e4rkung des Ehrenamtes.<br \/>\n&#8211; Verhindern von Kinder- und Altersarmut.<br \/>\n&#8211; Das Lohnniveau von gering bezahlten bzw. von ungeliebten Jobs w\u00fcrde steigen, da niemand mehr &#8222;gezwungen&#8220; w\u00e4re, diese Arbeit zu machen.<\/p>\n<p>Alle diese Gr\u00fcnde existieren weiterhin und werden aktueller denn je.<\/p>\n<p>Zur Person:<\/p>\n<p>Jahrgang 1968, verheiratet, zwei Kinder (5 und 9 Jahre).<br \/>\nManager Software Support and Quality<br \/>\nGewerkschaftler, Stadtrat in Herzogenrath.<br \/>\nEngagiert in vielen sozialen Bereichen.<\/p>\n<p>Meine Webseite:<\/p>\n<p><a href=\"http:\/\/herzogenrath.piraten.ac\/blog\/2017\/05\/04\/stefan-michael-kuklik-unser-kandidat-fuer-aachen-i\/\">herzogenrath.piraten.ac\/blog\/2017\/05\/04\/stefan-michael-kuklik-unser-kandidat-fuer-aachen-i\/<\/a><\/p>\n<p>&nbsp;<\/p>\n","protected":false},"excerpt":{"rendered":"<p>Pers\u00f6nliches Statement: Das Grundeinkommen wir nun bereits seit vielen Jahren diskutiert. Anfangs war es f\u00fcr einige eine spannende Idee oder gar Vision. Viele, ich w\u00fcrde sagen die Mehrheit, haben es damals rundweg abgelehnt. Dies \u00e4ndert sich derzeit deutlich. Viele sehen die Notwendigkeit eines Grundeinkommen, andere halten es schlichtweg f\u00fcr unausweichlich. Ich fand das Konzept von &hellip; <\/p>\n<p class=\"link-more\"><a href=\"https:\/\/www.grundeinkommen-ist-waehlbar.de\/2017-nrw\/stefan-kuklik\/\" class=\"more-link\"><span class=\"screen-reader-text\">\u201eStefan Kuklik\u201c <\/span>weiterlesen<\/a><\/p>\n","protected":false},"author":5,"featured_media":0,"comment_status":"closed","ping_status":"open","sticky":false,"template":"","format":"standard","meta":{"footnotes":""},"categories":[4,16],"tags":[],"class_list":["post-744","post","type-post","status-publish","format-standard","hentry","category-piratenpartei","category-wahlkreis-001-aachen-i"],"_links":{"self":[{"href":"https:\/\/www.grundeinkommen-ist-waehlbar.de\/2017-nrw\/wp-json\/wp\/v2\/posts\/744","targetHints":{"allow":["GET"]}}],"collection":[{"href":"https:\/\/www.grundeinkommen-ist-waehlbar.de\/2017-nrw\/wp-json\/wp\/v2\/posts"}],"about":[{"href":"https:\/\/www.grundeinkommen-ist-waehlbar.de\/2017-nrw\/wp-json\/wp\/v2\/types\/post"}],"author":[{"embeddable":true,"href":"https:\/\/www.grundeinkommen-ist-waehlbar.de\/2017-nrw\/wp-json\/wp\/v2\/users\/5"}],"replies":[{"embeddable":true,"href":"https:\/\/www.grundeinkommen-ist-waehlbar.de\/2017-nrw\/wp-json\/wp\/v2\/comments?post=744"}],"version-history":[{"count":0,"href":"https:\/\/www.grundeinkommen-ist-waehlbar.de\/2017-nrw\/wp-json\/wp\/v2\/posts\/744\/revisions"}],"wp:attachment":[{"href":"https:\/\/www.grundeinkommen-ist-waehlbar.de\/2017-nrw\/wp-json\/wp\/v2\/media?parent=744"}],"wp:term":[{"taxonomy":"category","embeddable":true,"href":"https:\/\/www.grundeinkommen-ist-waehlbar.de\/2017-nrw\/wp-json\/wp\/v2\/categories?post=744"},{"taxonomy":"post_tag","embeddable":true,"href":"https:\/\/www.grundeinkommen-ist-waehlbar.de\/2017-nrw\/wp-json\/wp\/v2\/tags?post=744"}],"curies":[{"name":"wp","href":"https:\/\/api.w.org\/{rel}","templated":true}]}}