{"id":761,"date":"2017-05-10T19:24:27","date_gmt":"2017-05-10T17:24:27","guid":{"rendered":"http:\/\/www.grundeinkommen-ist-waehlbar.de\/2017\/?p=761"},"modified":"2017-05-10T19:24:27","modified_gmt":"2017-05-10T17:24:27","slug":"dagmar-langel","status":"publish","type":"post","link":"https:\/\/www.grundeinkommen-ist-waehlbar.de\/2017-nrw\/dagmar-langel\/","title":{"rendered":"Dagmar Langel"},"content":{"rendered":"<p><img loading=\"lazy\" decoding=\"async\" class=\"alignnone wp-image-762\" src=\"http:\/\/www.grundeinkommen-ist-waehlbar.de\/nrw2017\/wp-content\/uploads\/sites\/2\/2017\/05\/dagmar-langel-300x240.jpg\" alt=\"\" width=\"150\" height=\"120\" \/><\/p>\n<p>Pers\u00f6nliches Statement:<\/p>\n<p>Das Grundeinkommen ist gerecht, macht Menschen frei &#8222;NEIN&#8220; zu sagen. Es unterst\u00fctzt Alleinerziehende, Familien, Rentner und gibt fehlende Lebensqualit\u00e4t zur\u00fcck. Ich sehe es als eine Initialz\u00fcndung f\u00fcr mehr Freiheit und Demokratie.<\/p>\n<p>Zur Person:<\/p>\n<p>Alter: 60 Jahre<br \/>\nZwei erwachsene T\u00f6chter.<br \/>\nGelernte Verwaltungsangestellte, in vielen Berufen zuhause.<br \/>\nIch betreibe ehrenamtlich ein Repair Caf\u00e9 und engagiere mich f\u00fcr Fl\u00fcchtlinge.<br \/>\nIch mache schon sehr lange Politik und sehe sie als Diener des Wahlvolkes. Es ist wichtig, wieder Visionen zu entwickeln, was man als Politiker f\u00fcr sein Land erreichen will.  Zum Besten aller. Als Alternative zur jetzigen Politik.<\/p>\n","protected":false},"excerpt":{"rendered":"<p>Pers\u00f6nliches Statement: Das Grundeinkommen ist gerecht, macht Menschen frei &#8222;NEIN&#8220; zu sagen. Es unterst\u00fctzt Alleinerziehende, Familien, Rentner und gibt fehlende Lebensqualit\u00e4t zur\u00fcck. Ich sehe es als eine Initialz\u00fcndung f\u00fcr mehr Freiheit und Demokratie. Zur Person: Alter: 60 Jahre Zwei erwachsene T\u00f6chter. Gelernte Verwaltungsangestellte, in vielen Berufen zuhause. Ich betreibe ehrenamtlich ein Repair Caf\u00e9 und engagiere &hellip; <\/p>\n<p class=\"link-more\"><a href=\"https:\/\/www.grundeinkommen-ist-waehlbar.de\/2017-nrw\/dagmar-langel\/\" class=\"more-link\"><span class=\"screen-reader-text\">\u201eDagmar Langel\u201c <\/span>weiterlesen<\/a><\/p>\n","protected":false},"author":5,"featured_media":0,"comment_status":"closed","ping_status":"open","sticky":false,"template":"","format":"standard","meta":{"footnotes":""},"categories":[9,14],"tags":[],"class_list":["post-761","post","type-post","status-publish","format-standard","hentry","category-buendnis-grundeinkommen-de","category-direktkandidatinnen"],"_links":{"self":[{"href":"https:\/\/www.grundeinkommen-ist-waehlbar.de\/2017-nrw\/wp-json\/wp\/v2\/posts\/761","targetHints":{"allow":["GET"]}}],"collection":[{"href":"https:\/\/www.grundeinkommen-ist-waehlbar.de\/2017-nrw\/wp-json\/wp\/v2\/posts"}],"about":[{"href":"https:\/\/www.grundeinkommen-ist-waehlbar.de\/2017-nrw\/wp-json\/wp\/v2\/types\/post"}],"author":[{"embeddable":true,"href":"https:\/\/www.grundeinkommen-ist-waehlbar.de\/2017-nrw\/wp-json\/wp\/v2\/users\/5"}],"replies":[{"embeddable":true,"href":"https:\/\/www.grundeinkommen-ist-waehlbar.de\/2017-nrw\/wp-json\/wp\/v2\/comments?post=761"}],"version-history":[{"count":0,"href":"https:\/\/www.grundeinkommen-ist-waehlbar.de\/2017-nrw\/wp-json\/wp\/v2\/posts\/761\/revisions"}],"wp:attachment":[{"href":"https:\/\/www.grundeinkommen-ist-waehlbar.de\/2017-nrw\/wp-json\/wp\/v2\/media?parent=761"}],"wp:term":[{"taxonomy":"category","embeddable":true,"href":"https:\/\/www.grundeinkommen-ist-waehlbar.de\/2017-nrw\/wp-json\/wp\/v2\/categories?post=761"},{"taxonomy":"post_tag","embeddable":true,"href":"https:\/\/www.grundeinkommen-ist-waehlbar.de\/2017-nrw\/wp-json\/wp\/v2\/tags?post=761"}],"curies":[{"name":"wp","href":"https:\/\/api.w.org\/{rel}","templated":true}]}}