{"id":768,"date":"2017-05-11T07:58:23","date_gmt":"2017-05-11T05:58:23","guid":{"rendered":"http:\/\/www.grundeinkommen-ist-waehlbar.de\/2017\/?p=768"},"modified":"2017-05-11T07:58:23","modified_gmt":"2017-05-11T05:58:23","slug":"ursula-jacob-reisinger","status":"publish","type":"post","link":"https:\/\/www.grundeinkommen-ist-waehlbar.de\/2017-nrw\/ursula-jacob-reisinger\/","title":{"rendered":"Ursula Jacob-Reisinger"},"content":{"rendered":"<p><img loading=\"lazy\" decoding=\"async\" class=\"alignnone wp-image-770\" src=\"http:\/\/www.grundeinkommen-ist-waehlbar.de\/nrw2017\/wp-content\/uploads\/sites\/2\/2017\/05\/ursula-jacob-reisinger-225x300.jpg\" alt=\"\" width=\"150\" height=\"200\" \/><\/p>\n<p>Pers\u00f6nliches Statement:<\/p>\n<p>Bin zu allererst f\u00fcr eine generelle Arbeitszeitverk\u00fcrzung, aber inzwischen auch davon \u00fcberzeugt, dass das Grundeinkommen f\u00fcr alle Bezieher ein Gewinn an Lebensqualit\u00e4t und Freiheit bedeuten w\u00fcrde. Die liegt schon alleine darin, dass es nicht mit Erwerbsarbeit verkn\u00fcpft wird. Vor dem Hintergrund der zunehmenden Digitalisierung und dem Wegfall von Industriearbeitspl\u00e4tzen eine M\u00f6glichkeit, den betroffenen Menschen ein Leben in W\u00fcrde zu erm\u00f6glichen.<\/p>\n<p>Zur Person:<\/p>\n<p><a href=\"http:\/\/www.dielinke-ostwestfalen.de\/fileadmin\/lcmskvowl\/lw.owl.direktkandidaten.flyer\/linkenrw_folder-wk097_web.pdf\">http:\/\/www.dielinke-ostwestfalen.de\/fileadmin\/lcmskvowl\/lw.owl.direktkandidaten.flyer\/linkenrw_folder-wk097_web.pdf<\/a><\/p>\n<p>Meine Webseite:<\/p>\n<p><a href=\"https:\/\/www.abgeordnetenwatch.de\/profile\/ursula-jacob-reisinger\">https:\/\/www.abgeordnetenwatch.de\/profile\/ursula-jacob-reisinger<\/a><\/p>\n","protected":false},"excerpt":{"rendered":"<p>Pers\u00f6nliches Statement: Bin zu allererst f\u00fcr eine generelle Arbeitszeitverk\u00fcrzung, aber inzwischen auch davon \u00fcberzeugt, dass das Grundeinkommen f\u00fcr alle Bezieher ein Gewinn an Lebensqualit\u00e4t und Freiheit bedeuten w\u00fcrde. Die liegt schon alleine darin, dass es nicht mit Erwerbsarbeit verkn\u00fcpft wird. Vor dem Hintergrund der zunehmenden Digitalisierung und dem Wegfall von Industriearbeitspl\u00e4tzen eine M\u00f6glichkeit, den betroffenen &hellip; <\/p>\n<p class=\"link-more\"><a href=\"https:\/\/www.grundeinkommen-ist-waehlbar.de\/2017-nrw\/ursula-jacob-reisinger\/\" class=\"more-link\"><span class=\"screen-reader-text\">\u201eUrsula Jacob-Reisinger\u201c <\/span>weiterlesen<\/a><\/p>\n","protected":false},"author":5,"featured_media":0,"comment_status":"closed","ping_status":"open","sticky":false,"template":"","format":"standard","meta":{"footnotes":""},"categories":[12,114],"tags":[],"class_list":["post-768","post","type-post","status-publish","format-standard","hentry","category-die-linke","category-wahlkreis-099-lippe-iii"],"_links":{"self":[{"href":"https:\/\/www.grundeinkommen-ist-waehlbar.de\/2017-nrw\/wp-json\/wp\/v2\/posts\/768","targetHints":{"allow":["GET"]}}],"collection":[{"href":"https:\/\/www.grundeinkommen-ist-waehlbar.de\/2017-nrw\/wp-json\/wp\/v2\/posts"}],"about":[{"href":"https:\/\/www.grundeinkommen-ist-waehlbar.de\/2017-nrw\/wp-json\/wp\/v2\/types\/post"}],"author":[{"embeddable":true,"href":"https:\/\/www.grundeinkommen-ist-waehlbar.de\/2017-nrw\/wp-json\/wp\/v2\/users\/5"}],"replies":[{"embeddable":true,"href":"https:\/\/www.grundeinkommen-ist-waehlbar.de\/2017-nrw\/wp-json\/wp\/v2\/comments?post=768"}],"version-history":[{"count":0,"href":"https:\/\/www.grundeinkommen-ist-waehlbar.de\/2017-nrw\/wp-json\/wp\/v2\/posts\/768\/revisions"}],"wp:attachment":[{"href":"https:\/\/www.grundeinkommen-ist-waehlbar.de\/2017-nrw\/wp-json\/wp\/v2\/media?parent=768"}],"wp:term":[{"taxonomy":"category","embeddable":true,"href":"https:\/\/www.grundeinkommen-ist-waehlbar.de\/2017-nrw\/wp-json\/wp\/v2\/categories?post=768"},{"taxonomy":"post_tag","embeddable":true,"href":"https:\/\/www.grundeinkommen-ist-waehlbar.de\/2017-nrw\/wp-json\/wp\/v2\/tags?post=768"}],"curies":[{"name":"wp","href":"https:\/\/api.w.org\/{rel}","templated":true}]}}